{"id":3886,"date":"2026-04-28T10:41:45","date_gmt":"2026-04-28T10:41:45","guid":{"rendered":"https:\/\/myrhotels.com\/guia-turismo-valencia\/?p=3886"},"modified":"2026-04-28T10:53:09","modified_gmt":"2026-04-28T10:53:09","slug":"dia-de-la-madre-valencia-brunch-taller-perfumeria-luna-de-valencia","status":"publish","type":"post","link":"https:\/\/myrhotels.com\/guia-turismo-valencia\/gusto-myr\/dia-de-la-madre-valencia-brunch-taller-perfumeria-luna-de-valencia\/","title":{"rendered":"D\u00eda de la Madre en Valencia: brunch y taller de perfumer\u00eda en Luna de Valencia"},"content":{"rendered":"\t\t<div data-elementor-type=\"wp-post\" data-elementor-id=\"3886\" class=\"elementor elementor-3886\">\n\t\t\t\t\t\t<section class=\"elementor-section elementor-top-section elementor-element elementor-element-68d48cb4 elementor-section-boxed elementor-section-height-default elementor-section-height-default\" data-id=\"68d48cb4\" data-element_type=\"section\" data-settings=\"{&quot;jet_parallax_layout_list&quot;:[],&quot;shape_divider_top&quot;:&quot;triangle-asymmetrical&quot;}\">\n\t\t\t\t\t<div class=\"elementor-shape elementor-shape-top\" data-negative=\"false\">\n\t\t\t<svg xmlns=\"http:\/\/www.w3.org\/2000\/svg\" viewBox=\"0 0 1000 100\" preserveAspectRatio=\"none\">\n\t<path class=\"elementor-shape-fill\" d=\"M738,99l262-93V0H0v5.6L738,99z\"\/>\n<\/svg>\t\t<\/div>\n\t\t\t\t\t<div class=\"elementor-container elementor-column-gap-default\">\n\t\t\t\t\t<div class=\"elementor-column elementor-col-33 elementor-top-column elementor-element elementor-element-72ea3385\" data-id=\"72ea3385\" data-element_type=\"column\">\n\t\t\t<div class=\"elementor-widget-wrap elementor-element-populated\">\n\t\t\t\t\t\t<div class=\"elementor-element elementor-element-16375bfe elementor-widget elementor-widget-image\" data-id=\"16375bfe\" data-element_type=\"widget\" data-widget_type=\"image.default\">\n\t\t\t\t<div class=\"elementor-widget-container\">\n\t\t\t<style>\/*! elementor - v3.23.0 - 05-08-2024 *\/\n.elementor-widget-image{text-align:center}.elementor-widget-image a{display:inline-block}.elementor-widget-image a img[src$=\".svg\"]{width:48px}.elementor-widget-image img{vertical-align:middle;display:inline-block}<\/style>\t\t\t\t\t\t\t\t\t\t\t<a href=\"https:\/\/myrhotels.com\/guia-turismo-valencia\/\">\n\t\t\t\t\t\t\t<img fetchpriority=\"high\" decoding=\"async\" width=\"584\" height=\"585\" src=\"https:\/\/myrhotels.com\/guia-turismo-valencia\/wp-content\/uploads\/2025\/06\/Logo_MYR_fondo.jpg\" class=\"attachment-large size-large wp-image-3080\" alt=\"\" srcset=\"https:\/\/myrhotels.com\/guia-turismo-valencia\/wp-content\/uploads\/2025\/06\/Logo_MYR_fondo.jpg 584w, https:\/\/myrhotels.com\/guia-turismo-valencia\/wp-content\/uploads\/2025\/06\/Logo_MYR_fondo-300x300.jpg 300w, https:\/\/myrhotels.com\/guia-turismo-valencia\/wp-content\/uploads\/2025\/06\/Logo_MYR_fondo-150x150.jpg 150w\" sizes=\"(max-width: 584px) 100vw, 584px\" \/>\t\t\t\t\t\t\t\t<\/a>\n\t\t\t\t\t\t\t\t\t\t\t\t\t<\/div>\n\t\t\t\t<\/div>\n\t\t\t\t\t<\/div>\n\t\t<\/div>\n\t\t\t\t<div class=\"elementor-column elementor-col-66 elementor-top-column elementor-element elementor-element-32a9696\" data-id=\"32a9696\" data-element_type=\"column\">\n\t\t\t<div class=\"elementor-widget-wrap elementor-element-populated\">\n\t\t\t\t\t\t<div class=\"elementor-element elementor-element-77e4425a jet-nav-align-center elementor-widget elementor-widget-jet-nav-menu\" data-id=\"77e4425a\" data-element_type=\"widget\" data-settings=\"{&quot;sticky&quot;:&quot;top&quot;,&quot;sticky_on&quot;:[&quot;mobile&quot;],&quot;sticky_effects_offset_mobile&quot;:0,&quot;_animation_mobile&quot;:&quot;fadeInDown&quot;,&quot;sticky_offset&quot;:0,&quot;sticky_effects_offset&quot;:0}\" data-widget_type=\"jet-nav-menu.default\">\n\t\t\t\t<div class=\"elementor-widget-container\">\n\t\t\t<nav class=\"jet-nav-wrap jet-mobile-menu jet-mobile-menu--default\" data-mobile-layout=\"default\">\n<div class=\"jet-nav__mobile-trigger jet-nav-mobile-trigger-align-left\">\n\t<span class=\"jet-nav__mobile-trigger-open jet-blocks-icon\"><i aria-hidden=\"true\" class=\"fas fa-bars\"><\/i><\/span>\t<span class=\"jet-nav__mobile-trigger-close jet-blocks-icon\"><i aria-hidden=\"true\" class=\"fas fa-times\"><\/i><\/span><\/div><div class=\"menu-menu-principal-container\"><div class=\"jet-nav jet-nav--horizontal\"><div class=\"menu-item menu-item-type-taxonomy menu-item-object-category jet-nav__item-145 jet-nav__item\"><a href=\"https:\/\/myrhotels.com\/guia-turismo-valencia\/categoria\/que-ver-en-valencia\/\" class=\"menu-item-link menu-item-link-depth-0 menu-item-link-top\"><span class=\"jet-nav-link-text\">Qu\u00e9 ver<\/span><\/a><\/div>\n<div class=\"menu-item menu-item-type-taxonomy menu-item-object-category jet-nav__item-146 jet-nav__item\"><a href=\"https:\/\/myrhotels.com\/guia-turismo-valencia\/categoria\/que-hacer-en-valencia\/\" class=\"menu-item-link menu-item-link-depth-0 menu-item-link-top\"><span class=\"jet-nav-link-text\">Qu\u00e9 hacer<\/span><\/a><\/div>\n<div class=\"menu-item menu-item-type-taxonomy menu-item-object-category jet-nav__item-147 jet-nav__item\"><a href=\"https:\/\/myrhotels.com\/guia-turismo-valencia\/categoria\/prepara-tu-viaje\/\" class=\"menu-item-link menu-item-link-depth-0 menu-item-link-top\"><span class=\"jet-nav-link-text\">Preparativos<\/span><\/a><\/div>\n<\/div><\/div><\/nav>\t\t<\/div>\n\t\t\t\t<\/div>\n\t\t\t\t\t<\/div>\n\t\t<\/div>\n\t\t\t\t\t<\/div>\n\t\t<\/section>\n\t\t\t\t<section class=\"elementor-section elementor-top-section elementor-element elementor-element-34206182 elementor-section-boxed elementor-section-height-default elementor-section-height-default\" data-id=\"34206182\" data-element_type=\"section\" data-settings=\"{&quot;jet_parallax_layout_list&quot;:[],&quot;background_background&quot;:&quot;gradient&quot;}\">\n\t\t\t\t\t\t<div class=\"elementor-container elementor-column-gap-default\">\n\t\t\t\t\t<div class=\"elementor-column elementor-col-100 elementor-top-column elementor-element elementor-element-24c2f4c2\" data-id=\"24c2f4c2\" data-element_type=\"column\">\n\t\t\t<div class=\"elementor-widget-wrap elementor-element-populated\">\n\t\t\t\t\t\t<div class=\"elementor-element elementor-element-5e7b260a elementor-widget elementor-widget-heading\" data-id=\"5e7b260a\" data-element_type=\"widget\" data-widget_type=\"heading.default\">\n\t\t\t\t<div class=\"elementor-widget-container\">\n\t\t\t<style>\/*! elementor - v3.23.0 - 05-08-2024 *\/\n.elementor-heading-title{padding:0;margin:0;line-height:1}.elementor-widget-heading .elementor-heading-title[class*=elementor-size-]>a{color:inherit;font-size:inherit;line-height:inherit}.elementor-widget-heading .elementor-heading-title.elementor-size-small{font-size:15px}.elementor-widget-heading .elementor-heading-title.elementor-size-medium{font-size:19px}.elementor-widget-heading .elementor-heading-title.elementor-size-large{font-size:29px}.elementor-widget-heading .elementor-heading-title.elementor-size-xl{font-size:39px}.elementor-widget-heading .elementor-heading-title.elementor-size-xxl{font-size:59px}<\/style><h2 class=\"elementor-heading-title elementor-size-default\">D\u00eda de la Madre en Valencia: brunch y taller de perfumer\u00eda en Luna de Valencia<\/h2>\t\t<\/div>\n\t\t\t\t<\/div>\n\t\t\t\t<div class=\"elementor-element elementor-element-a80aaec elementor-widget elementor-widget-text-editor\" data-id=\"a80aaec\" data-element_type=\"widget\" data-widget_type=\"text-editor.default\">\n\t\t\t\t<div class=\"elementor-widget-container\">\n\t\t\t<style>\/*! elementor - v3.23.0 - 05-08-2024 *\/\n.elementor-widget-text-editor.elementor-drop-cap-view-stacked .elementor-drop-cap{background-color:#69727d;color:#fff}.elementor-widget-text-editor.elementor-drop-cap-view-framed .elementor-drop-cap{color:#69727d;border:3px solid;background-color:transparent}.elementor-widget-text-editor:not(.elementor-drop-cap-view-default) .elementor-drop-cap{margin-top:8px}.elementor-widget-text-editor:not(.elementor-drop-cap-view-default) .elementor-drop-cap-letter{width:1em;height:1em}.elementor-widget-text-editor .elementor-drop-cap{float:left;text-align:center;line-height:1;font-size:50px}.elementor-widget-text-editor .elementor-drop-cap-letter{display:inline-block}<\/style>\t\t\t\t<p>El <strong>D\u00eda de la Madre en Valencia<\/strong> es la ocasi\u00f3n perfecta para salir de la rutina y regalar algo m\u00e1s que un detalle: una experiencia.<\/p>\n<p>Cada vez m\u00e1s personas buscan <strong>planes originales para el D\u00eda de la Madre<\/strong>, donde compartir tiempo de calidad y crear recuerdos \u00fanicos. Y si hay algo que define a Valencia, es su capacidad para disfrutar de momentos al aire libre, con propuestas que combinan gastronom\u00eda, ocio y estilo de vida.<\/p>\n<p>Este a\u00f1o, en MYR Hotels hemos preparado un plan especial para celebrar esta fecha de una forma diferente.<\/p>\n<p><!-- notionvc: 8dd47294-fb1f-4d93-85f3-08bf6e4dafbb --><\/p>\n<p><!-- notionvc: ac579cd6-d24a-4ff2-8b9e-244df99f25ff --><\/p>\n<p><!-- notionvc: d6f2a3b3-3b37-4a41-8bec-ee71398df8b9 --><\/p>\n<p><!-- notionvc: 8215dc96-c8ac-4f63-a5df-57fbf110ffb2 --><\/p>\t\t\t\t\t\t<\/div>\n\t\t\t\t<\/div>\n\t\t\t\t\t<\/div>\n\t\t<\/div>\n\t\t\t\t\t<\/div>\n\t\t<\/section>\n\t\t\t\t<section class=\"elementor-section elementor-top-section elementor-element elementor-element-7cc7ea04 elementor-section-boxed elementor-section-height-default elementor-section-height-default\" data-id=\"7cc7ea04\" data-element_type=\"section\" data-settings=\"{&quot;jet_parallax_layout_list&quot;:[],&quot;background_background&quot;:&quot;gradient&quot;,&quot;shape_divider_top&quot;:&quot;triangle-asymmetrical&quot;}\">\n\t\t\t\t\t<div class=\"elementor-shape elementor-shape-top\" data-negative=\"false\">\n\t\t\t<svg xmlns=\"http:\/\/www.w3.org\/2000\/svg\" viewBox=\"0 0 1000 100\" preserveAspectRatio=\"none\">\n\t<path class=\"elementor-shape-fill\" d=\"M738,99l262-93V0H0v5.6L738,99z\"\/>\n<\/svg>\t\t<\/div>\n\t\t\t\t\t<div class=\"elementor-container elementor-column-gap-default\">\n\t\t\t\t\t<div class=\"elementor-column elementor-col-66 elementor-top-column elementor-element elementor-element-3d6be923\" data-id=\"3d6be923\" data-element_type=\"column\">\n\t\t\t<div class=\"elementor-widget-wrap elementor-element-populated\">\n\t\t\t\t\t\t<div class=\"elementor-element elementor-element-fc2b0a1 elementor-widget elementor-widget-heading\" data-id=\"fc2b0a1\" data-element_type=\"widget\" data-widget_type=\"heading.default\">\n\t\t\t\t<div class=\"elementor-widget-container\">\n\t\t\t<h2 class=\"elementor-heading-title elementor-size-default\">Qu\u00e9 hacer el D\u00eda de la Madre en Valencia: una experiencia diferente<\/h2>\t\t<\/div>\n\t\t\t\t<\/div>\n\t\t\t\t<div class=\"elementor-element elementor-element-78cd037e elementor-widget elementor-widget-text-editor\" data-id=\"78cd037e\" data-element_type=\"widget\" data-widget_type=\"text-editor.default\">\n\t\t\t\t<div class=\"elementor-widget-container\">\n\t\t\t\t\t\t\t<p>Si te preguntas <strong>qu\u00e9 hacer el D\u00eda de la Madre en Valencia<\/strong>, este plan re\u00fane todo lo necesario: un entorno \u00fanico, una propuesta gastron\u00f3mica cuidada y una actividad experiencial.<\/p>\n<p>El pr\u00f3ximo <strong>3 de mayo<\/strong>, nuestro rooftop <strong>Luna de Valencia<\/strong> acoge un evento exclusivo pensado para celebrar juntas este d\u00eda tan especial.<\/p>\n<p>Se trata de un <strong>pack completo<\/strong> que incluye brunch + taller de perfumer\u00eda, dise\u00f1ado para vivir una experiencia redonda.<\/p>\n<p>Una propuesta que combina <strong>brunch con vistas en Valencia<\/strong> y un taller creativo que conecta con los sentidos.<\/p>\n<p><!-- notionvc: 70ef9ed1-110a-452c-a9b0-5f945c0515da --><\/p>\n<p><!-- notionvc: 8f37c7c5-d785-4221-88fd-c72ef8d7cd52 --><\/p>\n<p><!-- notionvc: 4aa5d6bd-597a-47a8-b293-31115c100a84 --><\/p>\t\t\t\t\t\t<\/div>\n\t\t\t\t<\/div>\n\t\t\t\t<div class=\"elementor-element elementor-element-1062f91b elementor-widget elementor-widget-text-editor\" data-id=\"1062f91b\" data-element_type=\"widget\" data-widget_type=\"text-editor.default\">\n\t\t\t\t<div class=\"elementor-widget-container\">\n\t\t\t\t\t\t\t<h3>Brunch con vistas en Valencia: el plan perfecto para celebrar<!-- notionvc: 41b3d6f0-e55d-4e09-8ba1-cb13fff0be2b --><\/h3>\n<p>La jornada comienza con un <strong>brunch<\/strong> en uno de los rooftops m\u00e1s especiales de la ciudad.<\/p>\n<p>En <strong>Luna de Valencia<\/strong>, disfrutar\u00e1s de una propuesta gastron\u00f3mica cuidada, en un ambiente relajado y con vistas privilegiadas a las Torres de Serranos.<\/p>\n<p>Un plan ideal para quienes buscan <strong>d\u00f3nde celebrar el D\u00eda de la Madre en Valencia<\/strong>, disfrutando de la ciudad desde las alturas y compartiendo un momento especial.<\/p>\n<p><!-- notionvc: 11b16991-0a47-4f5b-a8a0-7c23347bcd56 --><\/p>\n<p><!-- notionvc: 53d49973-7e7d-4278-bcd8-d1d473698487 --><\/p>\n<p><!-- notionvc: 78b43ef1-f0b0-445d-9bd7-dba015737999 --><\/p>\n<p><!-- notionvc: bb5f663a-55a2-4366-82da-bd8e2dd5e66b --><\/p>\n<p><!-- notionvc: d4855ad3-b472-4c1f-b535-435d1a2761a4 --><\/p>\t\t\t\t\t\t<\/div>\n\t\t\t\t<\/div>\n\t\t\t\t<div class=\"elementor-element elementor-element-f176b26 elementor-widget elementor-widget-image\" data-id=\"f176b26\" data-element_type=\"widget\" data-widget_type=\"image.default\">\n\t\t\t\t<div class=\"elementor-widget-container\">\n\t\t\t\t\t\t\t\t\t\t\t\t\t<img decoding=\"async\" width=\"768\" height=\"1024\" src=\"https:\/\/myrhotels.com\/guia-turismo-valencia\/wp-content\/uploads\/2026\/04\/Post-LDV-768x1024.png\" class=\"attachment-medium_large size-medium_large wp-image-3900\" alt=\"\" srcset=\"https:\/\/myrhotels.com\/guia-turismo-valencia\/wp-content\/uploads\/2026\/04\/Post-LDV-768x1024.png 768w, https:\/\/myrhotels.com\/guia-turismo-valencia\/wp-content\/uploads\/2026\/04\/Post-LDV-300x400.png 300w, https:\/\/myrhotels.com\/guia-turismo-valencia\/wp-content\/uploads\/2026\/04\/Post-LDV.png 1080w\" sizes=\"(max-width: 768px) 100vw, 768px\" \/>\t\t\t\t\t\t\t\t\t\t\t\t\t<\/div>\n\t\t\t\t<\/div>\n\t\t\t\t<div class=\"elementor-element elementor-element-1681a342 elementor-widget elementor-widget-text-editor\" data-id=\"1681a342\" data-element_type=\"widget\" data-widget_type=\"text-editor.default\">\n\t\t\t\t<div class=\"elementor-widget-container\">\n\t\t\t\t\t\t\t<h2>Taller de perfumer\u00eda en Valencia: una experiencia sensorial \u00fanica<\/h2>\n<p>Tras el brunch, la experiencia contin\u00faa con un exclusivo <strong>taller de perfumer\u00eda en Valencia<\/strong>, de la mano de <strong>Emotions &amp; People<\/strong>.<\/p>\n<p>Durante el taller, los asistentes podr\u00e1n:<\/p>\n<ul>\n<li>Descubrir el mundo de las fragancias<\/li>\n<li>Conectar con los sentidos<\/li>\n<li>Crear su propio perfume y llev\u00e1rselo en un tarro de 30ml<\/li>\n<\/ul>\n<p>Una actividad original y diferente, perfecta para quienes buscan <strong>planes especiales para el D\u00eda de la Madre en Valencia<\/strong> m\u00e1s all\u00e1 de lo habitual.<\/p>\n<p><!-- notionvc: 820234d8-4c47-4bdd-8f6b-b3abb19bc812 --><\/p>\n<h2><!-- notionvc: 1ca01009-4eba-4ad6-abda-9cf4623d7787 --><\/h2>\n<h2><!-- notionvc: 3d405f7e-04ec-4ce2-9c70-145741822eba --><\/h2>\n<p><!-- notionvc: d85da8d7-89b1-4a94-9e55-68679188d844 --><\/p>\t\t\t\t\t\t<\/div>\n\t\t\t\t<\/div>\n\t\t\t\t<div class=\"elementor-element elementor-element-05467f9 elementor-widget elementor-widget-image\" data-id=\"05467f9\" data-element_type=\"widget\" data-widget_type=\"image.default\">\n\t\t\t\t<div class=\"elementor-widget-container\">\n\t\t\t\t\t\t\t\t\t\t\t\t\t<img decoding=\"async\" width=\"768\" height=\"1024\" src=\"https:\/\/myrhotels.com\/guia-turismo-valencia\/wp-content\/uploads\/2026\/04\/Post_evento_da_de_la_madre_2-768x1024.webp\" class=\"attachment-medium_large size-medium_large wp-image-3889\" alt=\"\" srcset=\"https:\/\/myrhotels.com\/guia-turismo-valencia\/wp-content\/uploads\/2026\/04\/Post_evento_da_de_la_madre_2-768x1024.webp 768w, https:\/\/myrhotels.com\/guia-turismo-valencia\/wp-content\/uploads\/2026\/04\/Post_evento_da_de_la_madre_2-300x400.webp 300w, https:\/\/myrhotels.com\/guia-turismo-valencia\/wp-content\/uploads\/2026\/04\/Post_evento_da_de_la_madre_2.webp 1080w\" sizes=\"(max-width: 768px) 100vw, 768px\" \/>\t\t\t\t\t\t\t\t\t\t\t\t\t<\/div>\n\t\t\t\t<\/div>\n\t\t\t\t<div class=\"elementor-element elementor-element-cbd9c9a elementor-widget elementor-widget-text-editor\" data-id=\"cbd9c9a\" data-element_type=\"widget\" data-widget_type=\"text-editor.default\">\n\t\t\t\t<div class=\"elementor-widget-container\">\n\t\t\t\t\t\t\t<h2>Lugares para visitar cerca de Luna de Valencia<\/h2>\n<p>Despu\u00e9s del brunch y el taller, el D\u00eda de la Madre puede continuar sin prisas, dejando que la ciudad marque el ritmo. Porque Valencia tambi\u00e9n se disfruta caminando, descubriendo y compartiendo.<\/p>\n<p>A pocos pasos de <strong>Luna de Valencia<\/strong>, encontrar\u00e1s algunos de los rincones m\u00e1s especiales para alargar este d\u00eda:<\/p>\n<p><!-- notionvc: 4dd9d849-5311-401d-a4d2-679c626e749d --><\/p>\n<h3>Jard\u00edn del Turia<\/h3>\n<p>Un antiguo cauce de r\u00edo convertido en uno de los parques urbanos m\u00e1s grandes de Europa.<\/p>\n<p>Aqu\u00ed, el tiempo cambia de ritmo: senderos rodeados de verde, bancos al sol y espacios donde simplemente pasear y conversar.<\/p>\n<p>Perfecto para ese momento en el que no hay prisa por volver.<\/p>\n<hr \/>\n<h3>Torres de Serranos<\/h3>\n<p>Imponentes, hist\u00f3ricas y llenas de car\u00e1cter, fueron una de las principales puertas de entrada a la Valencia medieval.<\/p>\n<p>Hoy, siguen siendo uno de los s\u00edmbolos de la ciudad y un punto ideal para detenerse, mirar alrededor y sentir Valencia desde otra perspectiva.<\/p>\n<hr \/>\n<h3>Plaza de la Virgen<\/h3>\n<p>El coraz\u00f3n m\u00e1s aut\u00e9ntico de la ciudad.<\/p>\n<p>Rodeada por la Catedral, la Bas\u00edlica y la emblem\u00e1tica fuente del Turia, esta plaza es un lugar donde siempre ocurre algo: conversaciones, terrazas, vida.<\/p>\n<p>Un espacio perfecto para sentarse, disfrutar del ambiente y dejar que el d\u00eda contin\u00fae.<\/p>\n<hr \/>\n<h3>Barrio del Carmen<\/h3>\n<p>Calles estrechas, fachadas con historia y rincones que aparecen sin buscarlos.<\/p>\n<p>El Carmen es uno de esos lugares donde perderse forma parte del plan.<\/p>\n<p>Galer\u00edas, peque\u00f1os comercios, arte urbano\u2026 cada paso es diferente al anterior.<\/p>\n<p><!-- notionvc: 46017299-88dd-4e25-b894-fb4ca293d1dd --><\/p>\n<h2><!-- notionvc: de224bb3-95f7-4c5b-8b86-71b03fe1ea76 --><\/h2>\n<h3><!-- notionvc: 549e0f90-baaf-4cf0-93c8-10c5cede67f1 --><\/h3>\n<h2><!-- notionvc: 8aefcba7-488b-4d14-9c54-9d2910f82421 --><\/h2>\n<p><!-- notionvc: c37e08a5-e293-445d-835b-7b536cb27a33 --><\/p>\t\t\t\t\t\t<\/div>\n\t\t\t\t<\/div>\n\t\t\t\t<div class=\"elementor-element elementor-element-33ebcf4 elementor-widget elementor-widget-text-editor\" data-id=\"33ebcf4\" data-element_type=\"widget\" data-widget_type=\"text-editor.default\">\n\t\t\t\t<div class=\"elementor-widget-container\">\n\t\t\t\t\t\t\t<h2>Planes originales para el D\u00eda de la Madre en Valencia<\/h2>\n<p>Este evento est\u00e1 pensado para quienes quieren ir m\u00e1s all\u00e1 del regalo tradicional.<\/p>\n<p>Porque celebrar el D\u00eda de la Madre tambi\u00e9n es:<\/p>\n<ul>\n<li>Compartir tiempo de calidad<\/li>\n<li>Vivir experiencias juntas<\/li>\n<li>Crear recuerdos que perduren<\/li>\n<\/ul>\n<p>Si buscas un <strong>plan diferente en Valencia para el D\u00eda de la Madre<\/strong>, este <strong>pack brunch + taller<\/strong> combina todo en un mismo espacio: gastronom\u00eda, creatividad y un entorno \u00fanico.<\/p>\n<h2><!-- notionvc: 75fc83f0-511c-45dc-951d-f5435bef32fe --><\/h2>\n<h3><!-- notionvc: af4ceadc-e628-4141-8d85-d3a23a995c5e --><\/h3>\n<h2><!-- notionvc: 87ad897c-4132-4c90-930b-3103fc741001 --><\/h2>\n<p><!-- notionvc: b8e7d9ee-cfab-4a36-a98e-b0f45ad27572 --><\/p>\t\t\t\t\t\t<\/div>\n\t\t\t\t<\/div>\n\t\t\t\t<div class=\"elementor-element elementor-element-487c669 elementor-widget elementor-widget-image\" data-id=\"487c669\" data-element_type=\"widget\" data-widget_type=\"image.default\">\n\t\t\t\t<div class=\"elementor-widget-container\">\n\t\t\t\t\t\t\t\t\t\t\t\t\t<img loading=\"lazy\" decoding=\"async\" width=\"768\" height=\"512\" src=\"https:\/\/myrhotels.com\/guia-turismo-valencia\/wp-content\/uploads\/2026\/04\/IMG_5367-768x512.webp\" class=\"attachment-medium_large size-medium_large wp-image-3890\" alt=\"\" srcset=\"https:\/\/myrhotels.com\/guia-turismo-valencia\/wp-content\/uploads\/2026\/04\/IMG_5367-768x512.webp 768w, https:\/\/myrhotels.com\/guia-turismo-valencia\/wp-content\/uploads\/2026\/04\/IMG_5367-400x267.webp 400w, https:\/\/myrhotels.com\/guia-turismo-valencia\/wp-content\/uploads\/2026\/04\/IMG_5367-1024x683.webp 1024w, https:\/\/myrhotels.com\/guia-turismo-valencia\/wp-content\/uploads\/2026\/04\/IMG_5367-1536x1024.webp 1536w, https:\/\/myrhotels.com\/guia-turismo-valencia\/wp-content\/uploads\/2026\/04\/IMG_5367.webp 2048w\" sizes=\"(max-width: 768px) 100vw, 768px\" \/>\t\t\t\t\t\t\t\t\t\t\t\t\t<\/div>\n\t\t\t\t<\/div>\n\t\t\t\t<div class=\"elementor-element elementor-element-e033397 elementor-widget elementor-widget-text-editor\" data-id=\"e033397\" data-element_type=\"widget\" data-widget_type=\"text-editor.default\">\n\t\t\t\t<div class=\"elementor-widget-container\">\n\t\t\t\t\t\t\t<h2>Reserva tu plan para el D\u00eda de la Madre en Valencia<\/h2>\n<p>El evento tendr\u00e1 lugar el pr\u00f3ximo <strong>3 de mayo en Luna de Valencia<\/strong>, con plazas limitadas.<\/p>\n<p>Una oportunidad para disfrutar de un <strong>brunch con taller en Valencia<\/strong> y celebrar el D\u00eda de la Madre de una forma especial.<\/p>\n<p>\ud83d\udc49 <strong>Reserva tu plaza y vive una experiencia \u00fanica:<\/strong><\/p>\n<ul>\n<li>\ud83d\udcac Contacta directamente por WhatsApp con Romy: <a href=\"https:\/\/wa.me\/34689221888?text=Hola%20Romy,%20quiero%20informaci%C3%B3n%20sobre%20el%20pack%20del%20D%C3%ADa%20de%20la%20Madre&amp;utm_source=blog&amp;utm_medium=cta&amp;utm_campaign=dia_madre_valencia\">https:\/\/wa.me\/34689221888?text=Hola Romy, quiero informaci\u00f3n sobre el pack del D\u00eda de la Madre&amp;utm_source=blog&amp;utm_medium=cta&amp;utm_campaign=dia_madre_valencia<\/a><\/li>\n<li>\ud83d\udcdd O rellena el formulario de eventos: <a href=\"https:\/\/www.myrhotels.com\/eventos?utm_source=blog&amp;utm_medium=cta&amp;utm_campaign=dia_madre_valencia\">https:\/\/www.myrhotels.com\/eventos?utm_source=blog&amp;utm_medium=cta&amp;utm_campaign=dia_madre_valencia<\/a><\/li>\n<\/ul>\n<h2><!-- notionvc: ce8be5c7-f424-424c-88aa-45fc53822e9d --><\/h2>\n<p><!-- notionvc: 77360393-e43b-4f5e-a636-19dc3bd49af7 --><\/p>\t\t\t\t\t\t<\/div>\n\t\t\t\t<\/div>\n\t\t\t\t\t<\/div>\n\t\t<\/div>\n\t\t\t\t<div class=\"elementor-column elementor-col-33 elementor-top-column elementor-element elementor-element-52a6b5bc\" data-id=\"52a6b5bc\" data-element_type=\"column\" data-settings=\"{&quot;background_background&quot;:&quot;gradient&quot;}\">\n\t\t\t<div class=\"elementor-widget-wrap elementor-element-populated\">\n\t\t\t\t\t\t<div class=\"elementor-element elementor-element-a8bec1b elementor-widget elementor-widget-heading\" data-id=\"a8bec1b\" data-element_type=\"widget\" data-widget_type=\"heading.default\">\n\t\t\t\t<div class=\"elementor-widget-container\">\n\t\t\t<h3 class=\"elementor-heading-title elementor-size-default\">Recomendados<\/h3>\t\t<\/div>\n\t\t\t\t<\/div>\n\t\t\t\t<div class=\"elementor-element elementor-element-6ed62c29 elementor-widget elementor-widget-jet-posts\" data-id=\"6ed62c29\" data-element_type=\"widget\" data-settings=\"{&quot;columns&quot;:&quot;1&quot;}\" data-widget_type=\"jet-posts.default\">\n\t\t\t\t<div class=\"elementor-widget-container\">\n\t\t\t<div class=\"elementor-jet-posts jet-elements\"><div class=\"jet-posts col-row  jet-equal-cols\"><div class=\"jet-posts__item\">\n\t<div class=\"jet-posts__inner-box\"><div class=\"post-thumbnail\"><a href=\"https:\/\/myrhotels.com\/guia-turismo-valencia\/gusto-myr\/vivir-valencia-como-un-local-guia-autentica\/\" class=\"post-thumbnail__link\"><img loading=\"lazy\" decoding=\"async\" class=\"post-thumbnail__img wp-post-image\" src=\"https:\/\/myrhotels.com\/guia-turismo-valencia\/wp-content\/uploads\/2026\/04\/1.webp\" alt=\"C\u00f3mo vivir Valencia como un local: gu\u00eda pr\u00e1ctica para una experiencia aut\u00e9ntica\" loading=\"lazy\" width=\"800\" height=\"1200\"><\/a><\/div><div class=\"jet-posts__inner-content\"><h4 class=\"entry-title\"><a href=\"https:\/\/myrhotels.com\/guia-turismo-valencia\/gusto-myr\/vivir-valencia-como-un-local-guia-autentica\/\">C\u00f3mo vivir Valencia como un local: gu\u00eda pr\u00e1ctica para una experiencia aut\u00e9ntica<\/a><\/h4><\/div><\/div>\n<\/div>\n<div class=\"jet-posts__item\">\n\t<div class=\"jet-posts__inner-box\"><div class=\"post-thumbnail\"><a href=\"https:\/\/myrhotels.com\/guia-turismo-valencia\/gusto-myr\/dia-de-la-madre-valencia-brunch-taller-perfumeria-luna-de-valencia\/\" class=\"post-thumbnail__link\"><img loading=\"lazy\" decoding=\"async\" class=\"post-thumbnail__img wp-post-image\" src=\"https:\/\/myrhotels.com\/guia-turismo-valencia\/wp-content\/uploads\/2026\/04\/Post_evento_da_de_la_madre_2.webp\" alt=\"D\u00eda de la Madre en Valencia: brunch y taller de perfumer\u00eda en Luna de Valencia\" loading=\"lazy\" width=\"1080\" height=\"1440\"><\/a><\/div><div class=\"jet-posts__inner-content\"><h4 class=\"entry-title\"><a href=\"https:\/\/myrhotels.com\/guia-turismo-valencia\/gusto-myr\/dia-de-la-madre-valencia-brunch-taller-perfumeria-luna-de-valencia\/\">D\u00eda de la Madre en Valencia: brunch y taller de perfumer\u00eda en Luna de Valencia<\/a><\/h4><\/div><\/div>\n<\/div>\n<div class=\"jet-posts__item\">\n\t<div class=\"jet-posts__inner-box\"><div class=\"post-thumbnail\"><a href=\"https:\/\/myrhotels.com\/guia-turismo-valencia\/gusto-myr\/eventos-rooftops-valencia-hoteles\/\" class=\"post-thumbnail__link\"><img loading=\"lazy\" decoding=\"async\" class=\"post-thumbnail__img wp-post-image\" src=\"https:\/\/myrhotels.com\/guia-turismo-valencia\/wp-content\/uploads\/2026\/04\/evento-rooftop-valencia.webp\" alt=\"Eventos en rooftops: una nueva forma de conectar con el cliente\" loading=\"lazy\" width=\"800\" height=\"1200\"><\/a><\/div><div class=\"jet-posts__inner-content\"><h4 class=\"entry-title\"><a href=\"https:\/\/myrhotels.com\/guia-turismo-valencia\/gusto-myr\/eventos-rooftops-valencia-hoteles\/\">Eventos en rooftops: una nueva forma de conectar con el cliente<\/a><\/h4><\/div><\/div>\n<\/div>\n<\/div>\n<\/div>\t\t<\/div>\n\t\t\t\t<\/div>\n\t\t\t\t<div class=\"elementor-element elementor-element-6dfa687 elementor-widget elementor-widget-spacer\" data-id=\"6dfa687\" data-element_type=\"widget\" data-widget_type=\"spacer.default\">\n\t\t\t\t<div class=\"elementor-widget-container\">\n\t\t\t<style>\/*! elementor - v3.23.0 - 05-08-2024 *\/\n.elementor-column .elementor-spacer-inner{height:var(--spacer-size)}.e-con{--container-widget-width:100%}.e-con-inner>.elementor-widget-spacer,.e-con>.elementor-widget-spacer{width:var(--container-widget-width,var(--spacer-size));--align-self:var(--container-widget-align-self,initial);--flex-shrink:0}.e-con-inner>.elementor-widget-spacer>.elementor-widget-container,.e-con>.elementor-widget-spacer>.elementor-widget-container{height:100%;width:100%}.e-con-inner>.elementor-widget-spacer>.elementor-widget-container>.elementor-spacer,.e-con>.elementor-widget-spacer>.elementor-widget-container>.elementor-spacer{height:100%}.e-con-inner>.elementor-widget-spacer>.elementor-widget-container>.elementor-spacer>.elementor-spacer-inner,.e-con>.elementor-widget-spacer>.elementor-widget-container>.elementor-spacer>.elementor-spacer-inner{height:var(--container-widget-height,var(--spacer-size))}.e-con-inner>.elementor-widget-spacer.elementor-widget-empty,.e-con>.elementor-widget-spacer.elementor-widget-empty{position:relative;min-height:22px;min-width:22px}.e-con-inner>.elementor-widget-spacer.elementor-widget-empty .elementor-widget-empty-icon,.e-con>.elementor-widget-spacer.elementor-widget-empty .elementor-widget-empty-icon{position:absolute;top:0;bottom:0;left:0;right:0;margin:auto;padding:0;width:22px;height:22px}<\/style>\t\t<div class=\"elementor-spacer\">\n\t\t\t<div class=\"elementor-spacer-inner\"><\/div>\n\t\t<\/div>\n\t\t\t\t<\/div>\n\t\t\t\t<\/div>\n\t\t\t\t<div class=\"elementor-element elementor-element-32d5526e elementor-widget elementor-widget-heading\" data-id=\"32d5526e\" data-element_type=\"widget\" data-widget_type=\"heading.default\">\n\t\t\t\t<div class=\"elementor-widget-container\">\n\t\t\t<h3 class=\"elementor-heading-title elementor-size-default\">Tambi\u00e9n te puede interesar<\/h3>\t\t<\/div>\n\t\t\t\t<\/div>\n\t\t\t\t<div class=\"elementor-element elementor-element-26a3a639 elementor-widget elementor-widget-jet-posts\" data-id=\"26a3a639\" data-element_type=\"widget\" data-settings=\"{&quot;columns&quot;:&quot;1&quot;}\" data-widget_type=\"jet-posts.default\">\n\t\t\t\t<div class=\"elementor-widget-container\">\n\t\t\t<div class=\"elementor-jet-posts jet-elements\"><div class=\"jet-carousel elementor-slick-slider\" data-slider_options=\"{&quot;autoplaySpeed&quot;:5000,&quot;autoplay&quot;:true,&quot;infinite&quot;:true,&quot;pauseOnHover&quot;:false,&quot;speed&quot;:500,&quot;arrows&quot;:true,&quot;dots&quot;:false,&quot;slidesToScroll&quot;:1,&quot;prevArrow&quot;:&quot;.jet-posts__prev-arrow-26a3a639&quot;,&quot;nextArrow&quot;:&quot;.jet-posts__next-arrow-26a3a639&quot;,&quot;rtl&quot;:false,&quot;fade&quot;:false}\" dir=\"ltr\"><div class=\"jet-posts col-row \"><div class=\"jet-posts__prev-arrow-26a3a639 jet-arrow prev-arrow\"><i aria-hidden=\"true\" class=\"fas fa-angle-left\"><\/i><\/div><div class=\"jet-posts__next-arrow-26a3a639 jet-arrow next-arrow\"><i aria-hidden=\"true\" class=\"fas fa-angle-right\"><\/i><\/div><div class=\"jet-posts__item\">\n\t<div class=\"jet-posts__inner-box\"><div class=\"post-thumbnail\"><a href=\"https:\/\/myrhotels.com\/guia-turismo-valencia\/gusto-myr\/vivir-valencia-como-un-local-guia-autentica\/\" class=\"post-thumbnail__link\"><img loading=\"lazy\" decoding=\"async\" class=\"post-thumbnail__img wp-post-image\" src=\"https:\/\/myrhotels.com\/guia-turismo-valencia\/wp-content\/uploads\/2026\/04\/1.webp\" alt=\"C\u00f3mo vivir Valencia como un local: gu\u00eda pr\u00e1ctica para una experiencia aut\u00e9ntica\" loading=\"lazy\" width=\"800\" height=\"1200\"><\/a><\/div><div class=\"jet-posts__inner-content\"><h4 class=\"entry-title\"><a href=\"https:\/\/myrhotels.com\/guia-turismo-valencia\/gusto-myr\/vivir-valencia-como-un-local-guia-autentica\/\">C\u00f3mo vivir Valencia como un local: gu\u00eda pr\u00e1ctica para una experiencia aut\u00e9ntica<\/a><\/h4><\/div><\/div>\n<\/div>\n<div class=\"jet-posts__item\">\n\t<div class=\"jet-posts__inner-box\"><div class=\"post-thumbnail\"><a href=\"https:\/\/myrhotels.com\/guia-turismo-valencia\/gusto-myr\/hoteles-boutique-tendencia-turismo-europa-valencia\/\" class=\"post-thumbnail__link\"><img loading=\"lazy\" decoding=\"async\" class=\"post-thumbnail__img wp-post-image\" src=\"https:\/\/myrhotels.com\/guia-turismo-valencia\/wp-content\/uploads\/2026\/04\/MYR_Serranos_GuillemGaray_sep22-313-scaled.webp\" alt=\"Hoteles boutique: la tendencia que est\u00e1 redefiniendo el turismo en Europa\" loading=\"lazy\" width=\"1707\" height=\"2560\"><\/a><\/div><div class=\"jet-posts__inner-content\"><h4 class=\"entry-title\"><a href=\"https:\/\/myrhotels.com\/guia-turismo-valencia\/gusto-myr\/hoteles-boutique-tendencia-turismo-europa-valencia\/\">Hoteles boutique: la tendencia que est\u00e1 redefiniendo el turismo en Europa<\/a><\/h4><\/div><\/div>\n<\/div>\n<div class=\"jet-posts__item\">\n\t<div class=\"jet-posts__inner-box\"><div class=\"post-thumbnail\"><a href=\"https:\/\/myrhotels.com\/guia-turismo-valencia\/entre-bastidores\/turismo-experiencial-lujo-hospitalidad-espana\/\" class=\"post-thumbnail__link\"><img loading=\"lazy\" decoding=\"async\" class=\"post-thumbnail__img wp-post-image\" src=\"https:\/\/myrhotels.com\/guia-turismo-valencia\/wp-content\/uploads\/2026\/03\/POST_VALOR_CM_1.webp\" alt=\"EL TURISMO EXPERIENCIAL: LA NUEVA FRONTERA DE LA HOSPITALIDAD DE LUJO\" loading=\"lazy\" width=\"1080\" height=\"1350\"><\/a><\/div><div class=\"jet-posts__inner-content\"><h4 class=\"entry-title\"><a href=\"https:\/\/myrhotels.com\/guia-turismo-valencia\/entre-bastidores\/turismo-experiencial-lujo-hospitalidad-espana\/\">EL TURISMO EXPERIENCIAL: LA NUEVA FRONTERA DE LA HOSPITALIDAD DE LUJO<\/a><\/h4><\/div><\/div>\n<\/div>\n<div class=\"jet-posts__item\">\n\t<div class=\"jet-posts__inner-box\"><div class=\"post-thumbnail\"><a href=\"https:\/\/myrhotels.com\/guia-turismo-valencia\/entre-bastidores\/sostenibilidad-turistica-el-nuevo-valor-que-impulsara-el-futuro\/\" class=\"post-thumbnail__link\"><img loading=\"lazy\" decoding=\"async\" class=\"post-thumbnail__img wp-post-image\" src=\"https:\/\/myrhotels.com\/guia-turismo-valencia\/wp-content\/uploads\/2026\/02\/presidential-suite-014q0j8kxp.webp\" alt=\"Sostenibilidad Tur\u00edstica: el nuevo valor estrat\u00e9gico que impulsa el futuro de Valencia\" loading=\"lazy\" width=\"1760\" height=\"1173\"><\/a><\/div><div class=\"jet-posts__inner-content\"><h4 class=\"entry-title\"><a href=\"https:\/\/myrhotels.com\/guia-turismo-valencia\/entre-bastidores\/sostenibilidad-turistica-el-nuevo-valor-que-impulsara-el-futuro\/\">Sostenibilidad Tur\u00edstica: el nuevo valor estrat\u00e9gico que impulsa el futuro de Valencia<\/a><\/h4><\/div><\/div>\n<\/div>\n<div class=\"jet-posts__item\">\n\t<div class=\"jet-posts__inner-box\"><div class=\"post-thumbnail\"><a href=\"https:\/\/myrhotels.com\/guia-turismo-valencia\/entre-bastidores\/mice-2026-tendencias-que-redefiniran-los-eventos-corporativos\/\" class=\"post-thumbnail__link\"><img loading=\"lazy\" decoding=\"async\" class=\"post-thumbnail__img wp-post-image\" src=\"https:\/\/myrhotels.com\/guia-turismo-valencia\/wp-content\/uploads\/2026\/02\/1-scaled.jpg\" alt=\"MICE 2026: Tendencias que redefinir\u00e1n los eventos corporativos, con Valencia como protagonista\" loading=\"lazy\" width=\"2560\" height=\"1707\"><\/a><\/div><div class=\"jet-posts__inner-content\"><h4 class=\"entry-title\"><a href=\"https:\/\/myrhotels.com\/guia-turismo-valencia\/entre-bastidores\/mice-2026-tendencias-que-redefiniran-los-eventos-corporativos\/\">MICE 2026: Tendencias que redefinir\u00e1n los eventos corporativos, con Valencia como protagonista<\/a><\/h4><\/div><\/div>\n<\/div>\n<div class=\"jet-posts__item\">\n\t<div class=\"jet-posts__inner-box\"><div class=\"post-thumbnail\"><a href=\"https:\/\/myrhotels.com\/guia-turismo-valencia\/entre-bastidores\/myr-hotels-traveller-review-award-2026-valoracion\/\" class=\"post-thumbnail__link\"><img loading=\"lazy\" decoding=\"async\" class=\"post-thumbnail__img wp-post-image\" src=\"https:\/\/myrhotels.com\/guia-turismo-valencia\/wp-content\/uploads\/2026\/02\/Premio-Booking.jpg\" alt=\"MYR Hotels obtiene el Traveller Review Award 2026: cuando la experiencia se convierte en reconocimiento\" loading=\"lazy\" width=\"1080\" height=\"1350\"><\/a><\/div><div class=\"jet-posts__inner-content\"><h4 class=\"entry-title\"><a href=\"https:\/\/myrhotels.com\/guia-turismo-valencia\/entre-bastidores\/myr-hotels-traveller-review-award-2026-valoracion\/\">MYR Hotels obtiene el Traveller Review Award 2026: cuando la experiencia se convierte en reconocimiento<\/a><\/h4><\/div><\/div>\n<\/div>\n<div class=\"jet-posts__item\">\n\t<div class=\"jet-posts__inner-box\"><div class=\"post-thumbnail\"><a href=\"https:\/\/myrhotels.com\/guia-turismo-valencia\/entre-bastidores\/myr-hotels-decimo-aniversario\/\" class=\"post-thumbnail__link\"><img loading=\"lazy\" decoding=\"async\" class=\"post-thumbnail__img wp-post-image\" src=\"https:\/\/myrhotels.com\/guia-turismo-valencia\/wp-content\/uploads\/2026\/02\/1.png\" alt=\"MYR Hotels celebra su d\u00e9cimo aniversario: diez a\u00f1os de crecimiento, excelencia y visi\u00f3n de futuro.\" loading=\"lazy\" width=\"2240\" height=\"1260\"><\/a><\/div><div class=\"jet-posts__inner-content\"><h4 class=\"entry-title\"><a href=\"https:\/\/myrhotels.com\/guia-turismo-valencia\/entre-bastidores\/myr-hotels-decimo-aniversario\/\">MYR Hotels celebra su d\u00e9cimo aniversario: diez a\u00f1os de crecimiento, excelencia y visi\u00f3n de futuro.<\/a><\/h4><\/div><\/div>\n<\/div>\n<div class=\"jet-posts__item\">\n\t<div class=\"jet-posts__inner-box\"><div class=\"post-thumbnail\"><a href=\"https:\/\/myrhotels.com\/guia-turismo-valencia\/entre-bastidores\/hoteles-mejor-valorados-de-espana\/\" class=\"post-thumbnail__link\"><img loading=\"lazy\" decoding=\"async\" class=\"post-thumbnail__img wp-post-image\" src=\"https:\/\/myrhotels.com\/guia-turismo-valencia\/wp-content\/uploads\/2026\/01\/PalValier_GG_Abr21_0140-scaled.jpg\" alt=\"Hoteles mejor valorados de Espa\u00f1a: Palacio\u00a0Vallier\u00a0lidera\u00a0el ranking\" loading=\"lazy\" width=\"2560\" height=\"1707\"><\/a><\/div><div class=\"jet-posts__inner-content\"><h4 class=\"entry-title\"><a href=\"https:\/\/myrhotels.com\/guia-turismo-valencia\/entre-bastidores\/hoteles-mejor-valorados-de-espana\/\">Hoteles mejor valorados de Espa\u00f1a: Palacio\u00a0Vallier\u00a0lidera\u00a0el ranking<\/a><\/h4><\/div><\/div>\n<\/div>\n<div class=\"jet-posts__item\">\n\t<div class=\"jet-posts__inner-box\"><div class=\"post-thumbnail\"><a href=\"https:\/\/myrhotels.com\/guia-turismo-valencia\/el-secreto-a-descubrir\/tendencias-en-turismo-2026-viajes-experiencias\/\" class=\"post-thumbnail__link\"><img loading=\"lazy\" decoding=\"async\" class=\"post-thumbnail__img wp-post-image\" src=\"https:\/\/myrhotels.com\/guia-turismo-valencia\/wp-content\/uploads\/2025\/11\/2.png\" alt=\"Tendencias en turismo 2026: la nueva era de viajes con prop\u00f3sito\" loading=\"lazy\" width=\"940\" height=\"788\"><\/a><\/div><div class=\"jet-posts__inner-content\"><h4 class=\"entry-title\"><a href=\"https:\/\/myrhotels.com\/guia-turismo-valencia\/el-secreto-a-descubrir\/tendencias-en-turismo-2026-viajes-experiencias\/\">Tendencias en turismo 2026: la nueva era de viajes con prop\u00f3sito<\/a><\/h4><\/div><\/div>\n<\/div>\n<div class=\"jet-posts__item\">\n\t<div class=\"jet-posts__inner-box\"><div class=\"post-thumbnail\"><a href=\"https:\/\/myrhotels.com\/guia-turismo-valencia\/gusto-myr\/la-perfumeria-valencia-menus-otono\/\" class=\"post-thumbnail__link\"><img loading=\"lazy\" decoding=\"async\" class=\"post-thumbnail__img wp-post-image\" src=\"https:\/\/myrhotels.com\/guia-turismo-valencia\/wp-content\/uploads\/2025\/10\/3-1-1.jpg\" alt=\"La Perfumer\u00eda presenta sus nuevos men\u00fas de oto\u00f1o\" loading=\"lazy\" width=\"2048\" height=\"1364\"><\/a><\/div><div class=\"jet-posts__inner-content\"><h4 class=\"entry-title\"><a href=\"https:\/\/myrhotels.com\/guia-turismo-valencia\/gusto-myr\/la-perfumeria-valencia-menus-otono\/\">La Perfumer\u00eda presenta sus nuevos men\u00fas de oto\u00f1o<\/a><\/h4><\/div><\/div>\n<\/div>\n<\/div>\n<\/div><\/div>\t\t<\/div>\n\t\t\t\t<\/div>\n\t\t\t\t\t<\/div>\n\t\t<\/div>\n\t\t\t\t\t<\/div>\n\t\t<\/section>\n\t\t\t\t<section class=\"elementor-section elementor-top-section elementor-element elementor-element-483ab61a elementor-section-boxed elementor-section-height-default elementor-section-height-default\" data-id=\"483ab61a\" data-element_type=\"section\" data-settings=\"{&quot;jet_parallax_layout_list&quot;:[]}\">\n\t\t\t\t\t\t<div class=\"elementor-container elementor-column-gap-default\">\n\t\t\t\t\t<div class=\"elementor-column elementor-col-100 elementor-top-column elementor-element elementor-element-2877e921\" data-id=\"2877e921\" data-element_type=\"column\">\n\t\t\t<div class=\"elementor-widget-wrap elementor-element-populated\">\n\t\t\t\t\t\t<div class=\"elementor-element elementor-element-3adf657b elementor-widget elementor-widget-spacer\" data-id=\"3adf657b\" data-element_type=\"widget\" data-widget_type=\"spacer.default\">\n\t\t\t\t<div class=\"elementor-widget-container\">\n\t\t\t\t\t<div class=\"elementor-spacer\">\n\t\t\t<div class=\"elementor-spacer-inner\"><\/div>\n\t\t<\/div>\n\t\t\t\t<\/div>\n\t\t\t\t<\/div>\n\t\t\t\t<div class=\"elementor-element elementor-element-359c3fe3 elementor-widget elementor-widget-heading\" data-id=\"359c3fe3\" data-element_type=\"widget\" data-widget_type=\"heading.default\">\n\t\t\t\t<div class=\"elementor-widget-container\">\n\t\t\t<h2 class=\"elementor-heading-title elementor-size-default\">NUESTROS RESTAURANTES<\/h2>\t\t<\/div>\n\t\t\t\t<\/div>\n\t\t\t\t\t<\/div>\n\t\t<\/div>\n\t\t\t\t\t<\/div>\n\t\t<\/section>\n\t\t\t\t<section class=\"elementor-section elementor-top-section elementor-element elementor-element-613765f6 listing-equal-height listing-last-to-bottom elementor-section-full_width elementor-section-height-default elementor-section-height-default\" data-id=\"613765f6\" data-element_type=\"section\" data-settings=\"{&quot;background_background&quot;:&quot;classic&quot;,&quot;jet_parallax_layout_list&quot;:[]}\">\n\t\t\t\t\t\t\t<div class=\"elementor-background-overlay\"><\/div>\n\t\t\t\t\t\t\t<div class=\"elementor-container elementor-column-gap-wide\">\n\t\t\t\t\t<div class=\"elementor-column elementor-col-25 elementor-top-column elementor-element elementor-element-5ac45c7d listing-equal-height listing-last-to-bottom\" data-id=\"5ac45c7d\" data-element_type=\"column\" data-settings=\"{&quot;background_background&quot;:&quot;classic&quot;}\">\n\t\t\t<div class=\"elementor-widget-wrap elementor-element-populated\">\n\t\t\t\t\t<div class=\"elementor-background-overlay\"><\/div>\n\t\t\t\t\t\t<div class=\"elementor-element elementor-element-44d63091 elementor-widget elementor-widget-spacer\" data-id=\"44d63091\" data-element_type=\"widget\" data-widget_type=\"spacer.default\">\n\t\t\t\t<div class=\"elementor-widget-container\">\n\t\t\t\t\t<div class=\"elementor-spacer\">\n\t\t\t<div class=\"elementor-spacer-inner\"><\/div>\n\t\t<\/div>\n\t\t\t\t<\/div>\n\t\t\t\t<\/div>\n\t\t\t\t<section class=\"elementor-section elementor-inner-section elementor-element elementor-element-6e03f5fe elementor-section-boxed elementor-section-height-default elementor-section-height-default\" data-id=\"6e03f5fe\" data-element_type=\"section\" data-settings=\"{&quot;jet_parallax_layout_list&quot;:[]}\">\n\t\t\t\t\t\t<div class=\"elementor-container elementor-column-gap-default\">\n\t\t\t\t\t<div class=\"elementor-column elementor-col-100 elementor-inner-column elementor-element elementor-element-394d60b9\" data-id=\"394d60b9\" data-element_type=\"column\">\n\t\t\t<div class=\"elementor-widget-wrap elementor-element-populated\">\n\t\t\t\t\t\t<div class=\"elementor-element elementor-element-3883388e elementor-widget elementor-widget-heading\" data-id=\"3883388e\" data-element_type=\"widget\" data-settings=\"{&quot;_animation&quot;:&quot;none&quot;}\" data-widget_type=\"heading.default\">\n\t\t\t\t<div class=\"elementor-widget-container\">\n\t\t\t<h2 class=\"elementor-heading-title elementor-size-default\"><a href=\"https:\/\/myrhotels.com\/guia-turismo-valencia\/gusto-myr\/la-perfumeria-valencia-menus-otono\/\">HOTEL palacio vallier<\/a><\/h2>\t\t<\/div>\n\t\t\t\t<\/div>\n\t\t\t\t<div class=\"elementor-element elementor-element-6fb8a366 elementor-widget elementor-widget-heading\" data-id=\"6fb8a366\" data-element_type=\"widget\" data-settings=\"{&quot;_animation&quot;:&quot;none&quot;}\" data-widget_type=\"heading.default\">\n\t\t\t\t<div class=\"elementor-widget-container\">\n\t\t\t<h2 class=\"elementor-heading-title elementor-size-default\"><a href=\"https:\/\/myrhotels.com\/guia-turismo-valencia\/gusto-myr\/la-perfumeria-valencia-menus-otono\/\">HOTEL<\/a><\/h2>\t\t<\/div>\n\t\t\t\t<\/div>\n\t\t\t\t<div class=\"elementor-element elementor-element-1eb6597f elementor-widget elementor-widget-heading\" data-id=\"1eb6597f\" data-element_type=\"widget\" data-settings=\"{&quot;_animation&quot;:&quot;none&quot;}\" data-widget_type=\"heading.default\">\n\t\t\t\t<div class=\"elementor-widget-container\">\n\t\t\t<h2 class=\"elementor-heading-title elementor-size-default\"><a href=\"https:\/\/myrhotels.com\/guia-turismo-valencia\/gusto-myr\/la-perfumeria-valencia-menus-otono\/\">\u2605\u2605\u2605\u2605\u2605<\/a><\/h2>\t\t<\/div>\n\t\t\t\t<\/div>\n\t\t\t\t<div class=\"elementor-element elementor-element-22554a3b elementor-align-center elementor-widget elementor-widget-button\" data-id=\"22554a3b\" data-element_type=\"widget\" data-widget_type=\"button.default\">\n\t\t\t\t<div class=\"elementor-widget-container\">\n\t\t\t\t\t<div class=\"elementor-button-wrapper\">\n\t\t\t<a class=\"elementor-button elementor-button-link elementor-size-sm\" href=\"https:\/\/myrhotels.com\/hoteles\/hotel-palacio-vallier\/\" target=\"_blank\">\n\t\t\t\t\t\t<span class=\"elementor-button-content-wrapper\">\n\t\t\t\t\t\t\t\t\t<span class=\"elementor-button-text\">VER M\u00c1S<\/span>\n\t\t\t\t\t<\/span>\n\t\t\t\t\t<\/a>\n\t\t<\/div>\n\t\t\t\t<\/div>\n\t\t\t\t<\/div>\n\t\t\t\t\t<\/div>\n\t\t<\/div>\n\t\t\t\t\t<\/div>\n\t\t<\/section>\n\t\t\t\t\t<\/div>\n\t\t<\/div>\n\t\t\t\t<div class=\"elementor-column elementor-col-25 elementor-top-column elementor-element elementor-element-276ae82e listing-equal-height listing-last-to-bottom\" data-id=\"276ae82e\" data-element_type=\"column\" data-settings=\"{&quot;background_background&quot;:&quot;classic&quot;}\">\n\t\t\t<div class=\"elementor-widget-wrap elementor-element-populated\">\n\t\t\t\t\t<div class=\"elementor-background-overlay\"><\/div>\n\t\t\t\t\t\t<div class=\"elementor-element elementor-element-19efad19 elementor-widget elementor-widget-spacer\" data-id=\"19efad19\" data-element_type=\"widget\" data-widget_type=\"spacer.default\">\n\t\t\t\t<div class=\"elementor-widget-container\">\n\t\t\t\t\t<div class=\"elementor-spacer\">\n\t\t\t<div class=\"elementor-spacer-inner\"><\/div>\n\t\t<\/div>\n\t\t\t\t<\/div>\n\t\t\t\t<\/div>\n\t\t\t\t<section class=\"elementor-section elementor-inner-section elementor-element elementor-element-348db398 elementor-section-boxed elementor-section-height-default elementor-section-height-default\" data-id=\"348db398\" data-element_type=\"section\" data-settings=\"{&quot;jet_parallax_layout_list&quot;:[]}\">\n\t\t\t\t\t\t<div class=\"elementor-container elementor-column-gap-default\">\n\t\t\t\t\t<div class=\"elementor-column elementor-col-100 elementor-inner-column elementor-element elementor-element-5433eb5e\" data-id=\"5433eb5e\" data-element_type=\"column\">\n\t\t\t<div class=\"elementor-widget-wrap elementor-element-populated\">\n\t\t\t\t\t\t<div class=\"elementor-element elementor-element-6f5cfc2b elementor-widget elementor-widget-heading\" data-id=\"6f5cfc2b\" data-element_type=\"widget\" data-settings=\"{&quot;_animation&quot;:&quot;none&quot;}\" data-widget_type=\"heading.default\">\n\t\t\t\t<div class=\"elementor-widget-container\">\n\t\t\t<h2 class=\"elementor-heading-title elementor-size-default\"><a href=\"https:\/\/myrhotels.com\/guia-turismo-valencia\/gusto-myr\/la-perfumeria-valencia-menus-otono\/\">HOTEL Puerta serranos<\/a><\/h2>\t\t<\/div>\n\t\t\t\t<\/div>\n\t\t\t\t<div class=\"elementor-element elementor-element-70110eb5 elementor-widget elementor-widget-heading\" data-id=\"70110eb5\" data-element_type=\"widget\" data-settings=\"{&quot;_animation&quot;:&quot;none&quot;}\" data-widget_type=\"heading.default\">\n\t\t\t\t<div class=\"elementor-widget-container\">\n\t\t\t<h2 class=\"elementor-heading-title elementor-size-default\"><a href=\"https:\/\/myrhotels.com\/guia-turismo-valencia\/gusto-myr\/la-perfumeria-valencia-menus-otono\/\">HOTEL<\/a><\/h2>\t\t<\/div>\n\t\t\t\t<\/div>\n\t\t\t\t<div class=\"elementor-element elementor-element-4e0379ff elementor-widget elementor-widget-heading\" data-id=\"4e0379ff\" data-element_type=\"widget\" data-settings=\"{&quot;_animation&quot;:&quot;none&quot;}\" data-widget_type=\"heading.default\">\n\t\t\t\t<div class=\"elementor-widget-container\">\n\t\t\t<h2 class=\"elementor-heading-title elementor-size-default\"><a href=\"https:\/\/myrhotels.com\/guia-turismo-valencia\/gusto-myr\/la-perfumeria-valencia-menus-otono\/\">\u2605\u2605\u2605\u2605sup<\/a><\/h2>\t\t<\/div>\n\t\t\t\t<\/div>\n\t\t\t\t<div class=\"elementor-element elementor-element-5af7c7c6 elementor-align-center elementor-widget elementor-widget-button\" data-id=\"5af7c7c6\" data-element_type=\"widget\" data-widget_type=\"button.default\">\n\t\t\t\t<div class=\"elementor-widget-container\">\n\t\t\t\t\t<div class=\"elementor-button-wrapper\">\n\t\t\t<a class=\"elementor-button elementor-button-link elementor-size-sm\" href=\"https:\/\/myrhotels.com\/hoteles\/hotel-puerta-serranos\/\" target=\"_blank\">\n\t\t\t\t\t\t<span class=\"elementor-button-content-wrapper\">\n\t\t\t\t\t\t\t\t\t<span class=\"elementor-button-text\">VER M\u00c1S<\/span>\n\t\t\t\t\t<\/span>\n\t\t\t\t\t<\/a>\n\t\t<\/div>\n\t\t\t\t<\/div>\n\t\t\t\t<\/div>\n\t\t\t\t\t<\/div>\n\t\t<\/div>\n\t\t\t\t\t<\/div>\n\t\t<\/section>\n\t\t\t\t\t<\/div>\n\t\t<\/div>\n\t\t\t\t<div class=\"elementor-column elementor-col-25 elementor-top-column elementor-element elementor-element-5a456c68 listing-equal-height listing-last-to-bottom\" data-id=\"5a456c68\" data-element_type=\"column\" data-settings=\"{&quot;background_background&quot;:&quot;classic&quot;}\">\n\t\t\t<div class=\"elementor-widget-wrap elementor-element-populated\">\n\t\t\t\t\t<div class=\"elementor-background-overlay\"><\/div>\n\t\t\t\t\t\t<div class=\"elementor-element elementor-element-46961c03 elementor-widget elementor-widget-spacer\" data-id=\"46961c03\" data-element_type=\"widget\" data-widget_type=\"spacer.default\">\n\t\t\t\t<div class=\"elementor-widget-container\">\n\t\t\t\t\t<div class=\"elementor-spacer\">\n\t\t\t<div class=\"elementor-spacer-inner\"><\/div>\n\t\t<\/div>\n\t\t\t\t<\/div>\n\t\t\t\t<\/div>\n\t\t\t\t<section class=\"elementor-section elementor-inner-section elementor-element elementor-element-1d2d5788 elementor-section-boxed elementor-section-height-default elementor-section-height-default\" data-id=\"1d2d5788\" data-element_type=\"section\" data-settings=\"{&quot;jet_parallax_layout_list&quot;:[]}\">\n\t\t\t\t\t\t<div class=\"elementor-container elementor-column-gap-default\">\n\t\t\t\t\t<div class=\"elementor-column elementor-col-100 elementor-inner-column elementor-element elementor-element-5378e2a6\" data-id=\"5378e2a6\" data-element_type=\"column\">\n\t\t\t<div class=\"elementor-widget-wrap elementor-element-populated\">\n\t\t\t\t\t\t<div class=\"elementor-element elementor-element-4fbee17d elementor-widget elementor-widget-heading\" data-id=\"4fbee17d\" data-element_type=\"widget\" data-settings=\"{&quot;_animation&quot;:&quot;none&quot;}\" data-widget_type=\"heading.default\">\n\t\t\t\t<div class=\"elementor-widget-container\">\n\t\t\t<h2 class=\"elementor-heading-title elementor-size-default\"><a href=\"https:\/\/myrhotels.com\/guia-turismo-valencia\/gusto-myr\/la-perfumeria-valencia-menus-otono\/\">HOTEL marqu\u00e9s house<\/a><\/h2>\t\t<\/div>\n\t\t\t\t<\/div>\n\t\t\t\t<div class=\"elementor-element elementor-element-6a7a9c6c elementor-widget elementor-widget-heading\" data-id=\"6a7a9c6c\" data-element_type=\"widget\" data-settings=\"{&quot;_animation&quot;:&quot;none&quot;}\" data-widget_type=\"heading.default\">\n\t\t\t\t<div class=\"elementor-widget-container\">\n\t\t\t<h2 class=\"elementor-heading-title elementor-size-default\"><a href=\"https:\/\/myrhotels.com\/guia-turismo-valencia\/gusto-myr\/la-perfumeria-valencia-menus-otono\/\">HOTEL<\/a><\/h2>\t\t<\/div>\n\t\t\t\t<\/div>\n\t\t\t\t<div class=\"elementor-element elementor-element-430fc4b6 elementor-widget elementor-widget-heading\" data-id=\"430fc4b6\" data-element_type=\"widget\" data-settings=\"{&quot;_animation&quot;:&quot;none&quot;}\" data-widget_type=\"heading.default\">\n\t\t\t\t<div class=\"elementor-widget-container\">\n\t\t\t<h2 class=\"elementor-heading-title elementor-size-default\"><a href=\"https:\/\/myrhotels.com\/guia-turismo-valencia\/gusto-myr\/la-perfumeria-valencia-menus-otono\/\">\u2605\u2605\u2605\u2605sup<\/a><\/h2>\t\t<\/div>\n\t\t\t\t<\/div>\n\t\t\t\t<div class=\"elementor-element elementor-element-6d99ece0 elementor-align-center elementor-widget elementor-widget-button\" data-id=\"6d99ece0\" data-element_type=\"widget\" data-widget_type=\"button.default\">\n\t\t\t\t<div class=\"elementor-widget-container\">\n\t\t\t\t\t<div class=\"elementor-button-wrapper\">\n\t\t\t<a class=\"elementor-button elementor-button-link elementor-size-sm\" href=\"https:\/\/myrhotels.com\/hoteles\/hotel-marques-house\/\" target=\"_blank\">\n\t\t\t\t\t\t<span class=\"elementor-button-content-wrapper\">\n\t\t\t\t\t\t\t\t\t<span class=\"elementor-button-text\">VER M\u00c1S<\/span>\n\t\t\t\t\t<\/span>\n\t\t\t\t\t<\/a>\n\t\t<\/div>\n\t\t\t\t<\/div>\n\t\t\t\t<\/div>\n\t\t\t\t\t<\/div>\n\t\t<\/div>\n\t\t\t\t\t<\/div>\n\t\t<\/section>\n\t\t\t\t\t<\/div>\n\t\t<\/div>\n\t\t\t\t<div class=\"elementor-column elementor-col-25 elementor-top-column elementor-element elementor-element-bcb970f listing-equal-height listing-last-to-bottom\" data-id=\"bcb970f\" data-element_type=\"column\" data-settings=\"{&quot;background_background&quot;:&quot;classic&quot;}\">\n\t\t\t<div class=\"elementor-widget-wrap elementor-element-populated\">\n\t\t\t\t\t<div class=\"elementor-background-overlay\"><\/div>\n\t\t\t\t\t\t<div class=\"elementor-element elementor-element-4f7b8098 elementor-widget elementor-widget-spacer\" data-id=\"4f7b8098\" data-element_type=\"widget\" data-widget_type=\"spacer.default\">\n\t\t\t\t<div class=\"elementor-widget-container\">\n\t\t\t\t\t<div class=\"elementor-spacer\">\n\t\t\t<div class=\"elementor-spacer-inner\"><\/div>\n\t\t<\/div>\n\t\t\t\t<\/div>\n\t\t\t\t<\/div>\n\t\t\t\t<section class=\"elementor-section elementor-inner-section elementor-element elementor-element-e05947f elementor-section-boxed elementor-section-height-default elementor-section-height-default\" data-id=\"e05947f\" data-element_type=\"section\" data-settings=\"{&quot;jet_parallax_layout_list&quot;:[]}\">\n\t\t\t\t\t\t<div class=\"elementor-container elementor-column-gap-default\">\n\t\t\t\t\t<div class=\"elementor-column elementor-col-100 elementor-inner-column elementor-element elementor-element-73e23bae\" data-id=\"73e23bae\" data-element_type=\"column\">\n\t\t\t<div class=\"elementor-widget-wrap elementor-element-populated\">\n\t\t\t\t\t\t<div class=\"elementor-element elementor-element-6b990664 elementor-widget elementor-widget-heading\" data-id=\"6b990664\" data-element_type=\"widget\" data-settings=\"{&quot;_animation&quot;:&quot;none&quot;}\" data-widget_type=\"heading.default\">\n\t\t\t\t<div class=\"elementor-widget-container\">\n\t\t\t<h2 class=\"elementor-heading-title elementor-size-default\"><a href=\"https:\/\/myrhotels.com\/guia-turismo-valencia\/gusto-myr\/la-perfumeria-valencia-menus-otono\/\">HOTEL & spa plaza mercado<\/a><\/h2>\t\t<\/div>\n\t\t\t\t<\/div>\n\t\t\t\t<div class=\"elementor-element elementor-element-29fabb1b elementor-widget elementor-widget-heading\" data-id=\"29fabb1b\" data-element_type=\"widget\" data-settings=\"{&quot;_animation&quot;:&quot;none&quot;}\" data-widget_type=\"heading.default\">\n\t\t\t\t<div class=\"elementor-widget-container\">\n\t\t\t<h2 class=\"elementor-heading-title elementor-size-default\"><a href=\"https:\/\/myrhotels.com\/guia-turismo-valencia\/gusto-myr\/la-perfumeria-valencia-menus-otono\/\">HOTEL<\/a><\/h2>\t\t<\/div>\n\t\t\t\t<\/div>\n\t\t\t\t<div class=\"elementor-element elementor-element-271f906 elementor-widget elementor-widget-heading\" data-id=\"271f906\" data-element_type=\"widget\" data-settings=\"{&quot;_animation&quot;:&quot;none&quot;}\" data-widget_type=\"heading.default\">\n\t\t\t\t<div class=\"elementor-widget-container\">\n\t\t\t<h2 class=\"elementor-heading-title elementor-size-default\"><a href=\"https:\/\/myrhotels.com\/guia-turismo-valencia\/gusto-myr\/la-perfumeria-valencia-menus-otono\/\">\u2605\u2605\u2605\u2605<\/a><\/h2>\t\t<\/div>\n\t\t\t\t<\/div>\n\t\t\t\t<div class=\"elementor-element elementor-element-6a6676cf elementor-align-center elementor-widget elementor-widget-button\" data-id=\"6a6676cf\" data-element_type=\"widget\" data-widget_type=\"button.default\">\n\t\t\t\t<div class=\"elementor-widget-container\">\n\t\t\t\t\t<div class=\"elementor-button-wrapper\">\n\t\t\t<a class=\"elementor-button elementor-button-link elementor-size-sm\" href=\"https:\/\/myrhotels.com\/hoteles\/hotel-spa-plaza-mercado\/\" target=\"_blank\">\n\t\t\t\t\t\t<span class=\"elementor-button-content-wrapper\">\n\t\t\t\t\t\t\t\t\t<span class=\"elementor-button-text\">VER M\u00c1S<\/span>\n\t\t\t\t\t<\/span>\n\t\t\t\t\t<\/a>\n\t\t<\/div>\n\t\t\t\t<\/div>\n\t\t\t\t<\/div>\n\t\t\t\t\t<\/div>\n\t\t<\/div>\n\t\t\t\t\t<\/div>\n\t\t<\/section>\n\t\t\t\t\t<\/div>\n\t\t<\/div>\n\t\t\t\t\t<\/div>\n\t\t<\/section>\n\t\t\t\t<section class=\"elementor-section elementor-top-section elementor-element elementor-element-6252311 elementor-section-boxed elementor-section-height-default elementor-section-height-default\" data-id=\"6252311\" data-element_type=\"section\" data-settings=\"{&quot;jet_parallax_layout_list&quot;:[]}\">\n\t\t\t\t\t\t<div class=\"elementor-container elementor-column-gap-default\">\n\t\t\t\t\t<div class=\"elementor-column elementor-col-100 elementor-top-column elementor-element elementor-element-549cc3e\" data-id=\"549cc3e\" data-element_type=\"column\">\n\t\t\t<div class=\"elementor-widget-wrap elementor-element-populated\">\n\t\t\t\t\t\t<div class=\"elementor-element elementor-element-4215835b elementor-widget elementor-widget-heading\" data-id=\"4215835b\" data-element_type=\"widget\" data-widget_type=\"heading.default\">\n\t\t\t\t<div class=\"elementor-widget-container\">\n\t\t\t<h2 class=\"elementor-heading-title elementor-size-default\">NUESTROS HOTELES<\/h2>\t\t<\/div>\n\t\t\t\t<\/div>\n\t\t\t\t\t<\/div>\n\t\t<\/div>\n\t\t\t\t\t<\/div>\n\t\t<\/section>\n\t\t\t\t<section class=\"elementor-section elementor-top-section elementor-element elementor-element-57300318 listing-equal-height listing-last-to-bottom elementor-section-full_width elementor-section-height-default elementor-section-height-default\" data-id=\"57300318\" data-element_type=\"section\" data-settings=\"{&quot;background_background&quot;:&quot;classic&quot;,&quot;jet_parallax_layout_list&quot;:[]}\">\n\t\t\t\t\t\t\t<div class=\"elementor-background-overlay\"><\/div>\n\t\t\t\t\t\t\t<div class=\"elementor-container elementor-column-gap-wide\">\n\t\t\t\t\t<div class=\"elementor-column elementor-col-25 elementor-top-column elementor-element elementor-element-645fd53b listing-equal-height listing-last-to-bottom\" data-id=\"645fd53b\" data-element_type=\"column\" data-settings=\"{&quot;background_background&quot;:&quot;classic&quot;}\">\n\t\t\t<div class=\"elementor-widget-wrap elementor-element-populated\">\n\t\t\t\t\t<div class=\"elementor-background-overlay\"><\/div>\n\t\t\t\t\t\t<div class=\"elementor-element elementor-element-383933b0 elementor-widget elementor-widget-spacer\" data-id=\"383933b0\" data-element_type=\"widget\" data-widget_type=\"spacer.default\">\n\t\t\t\t<div class=\"elementor-widget-container\">\n\t\t\t\t\t<div class=\"elementor-spacer\">\n\t\t\t<div class=\"elementor-spacer-inner\"><\/div>\n\t\t<\/div>\n\t\t\t\t<\/div>\n\t\t\t\t<\/div>\n\t\t\t\t<section class=\"elementor-section elementor-inner-section elementor-element elementor-element-3f89cb1b elementor-section-boxed elementor-section-height-default elementor-section-height-default\" data-id=\"3f89cb1b\" data-element_type=\"section\" data-settings=\"{&quot;jet_parallax_layout_list&quot;:[]}\">\n\t\t\t\t\t\t<div class=\"elementor-container elementor-column-gap-default\">\n\t\t\t\t\t<div class=\"elementor-column elementor-col-100 elementor-inner-column elementor-element elementor-element-688773d\" data-id=\"688773d\" data-element_type=\"column\">\n\t\t\t<div class=\"elementor-widget-wrap elementor-element-populated\">\n\t\t\t\t\t\t<div class=\"elementor-element elementor-element-60d0ea7 elementor-widget elementor-widget-heading\" data-id=\"60d0ea7\" data-element_type=\"widget\" data-settings=\"{&quot;_animation&quot;:&quot;none&quot;}\" data-widget_type=\"heading.default\">\n\t\t\t\t<div class=\"elementor-widget-container\">\n\t\t\t<h2 class=\"elementor-heading-title elementor-size-default\"><a href=\"https:\/\/myrhotels.com\/restauracion\/lladro-lounge-bar\/\">Lladr\u00f3 Lounge Bar<\/a><\/h2>\t\t<\/div>\n\t\t\t\t<\/div>\n\t\t\t\t<div class=\"elementor-element elementor-element-23bb21bd elementor-widget elementor-widget-heading\" data-id=\"23bb21bd\" data-element_type=\"widget\" data-settings=\"{&quot;_animation&quot;:&quot;none&quot;}\" data-widget_type=\"heading.default\">\n\t\t\t\t<div class=\"elementor-widget-container\">\n\t\t\t<h2 class=\"elementor-heading-title elementor-size-default\"><a href=\"https:\/\/myrhotels.com\/restauracion\/lladro-lounge-bar\/\">Cocteler\u00eda<\/a><\/h2>\t\t<\/div>\n\t\t\t\t<\/div>\n\t\t\t\t<div class=\"elementor-element elementor-element-16056655 elementor-align-center elementor-widget elementor-widget-button\" data-id=\"16056655\" data-element_type=\"widget\" data-widget_type=\"button.default\">\n\t\t\t\t<div class=\"elementor-widget-container\">\n\t\t\t\t\t<div class=\"elementor-button-wrapper\">\n\t\t\t<a class=\"elementor-button elementor-button-link elementor-size-sm\" href=\"https:\/\/myrhotels.com\/restauracion\/lladro-lounge-bar\/\" target=\"_blank\">\n\t\t\t\t\t\t<span class=\"elementor-button-content-wrapper\">\n\t\t\t\t\t\t\t\t\t<span class=\"elementor-button-text\">VER M\u00c1S<\/span>\n\t\t\t\t\t<\/span>\n\t\t\t\t\t<\/a>\n\t\t<\/div>\n\t\t\t\t<\/div>\n\t\t\t\t<\/div>\n\t\t\t\t\t<\/div>\n\t\t<\/div>\n\t\t\t\t\t<\/div>\n\t\t<\/section>\n\t\t\t\t\t<\/div>\n\t\t<\/div>\n\t\t\t\t<div class=\"elementor-column elementor-col-25 elementor-top-column elementor-element elementor-element-45cfcdf2 listing-equal-height listing-last-to-bottom\" data-id=\"45cfcdf2\" data-element_type=\"column\" data-settings=\"{&quot;background_background&quot;:&quot;classic&quot;}\">\n\t\t\t<div class=\"elementor-widget-wrap elementor-element-populated\">\n\t\t\t\t\t<div class=\"elementor-background-overlay\"><\/div>\n\t\t\t\t\t\t<div class=\"elementor-element elementor-element-4ebaa410 elementor-widget elementor-widget-spacer\" data-id=\"4ebaa410\" data-element_type=\"widget\" data-widget_type=\"spacer.default\">\n\t\t\t\t<div class=\"elementor-widget-container\">\n\t\t\t\t\t<div class=\"elementor-spacer\">\n\t\t\t<div class=\"elementor-spacer-inner\"><\/div>\n\t\t<\/div>\n\t\t\t\t<\/div>\n\t\t\t\t<\/div>\n\t\t\t\t<section class=\"elementor-section elementor-inner-section elementor-element elementor-element-3cb9925 elementor-section-boxed elementor-section-height-default elementor-section-height-default\" data-id=\"3cb9925\" data-element_type=\"section\" data-settings=\"{&quot;jet_parallax_layout_list&quot;:[]}\">\n\t\t\t\t\t\t<div class=\"elementor-container elementor-column-gap-default\">\n\t\t\t\t\t<div class=\"elementor-column elementor-col-100 elementor-inner-column elementor-element elementor-element-2baf42b4\" data-id=\"2baf42b4\" data-element_type=\"column\">\n\t\t\t<div class=\"elementor-widget-wrap elementor-element-populated\">\n\t\t\t\t\t\t<div class=\"elementor-element elementor-element-2f48bbbe elementor-widget elementor-widget-heading\" data-id=\"2f48bbbe\" data-element_type=\"widget\" data-settings=\"{&quot;_animation&quot;:&quot;none&quot;}\" data-widget_type=\"heading.default\">\n\t\t\t\t<div class=\"elementor-widget-container\">\n\t\t\t<h2 class=\"elementor-heading-title elementor-size-default\"><a href=\"https:\/\/myrhotels.com\/restauracion\/cafe-madrid\/\">Caf\u00e9 Madrid Valencia<\/a><\/h2>\t\t<\/div>\n\t\t\t\t<\/div>\n\t\t\t\t<div class=\"elementor-element elementor-element-4d7e6377 elementor-widget elementor-widget-heading\" data-id=\"4d7e6377\" data-element_type=\"widget\" data-settings=\"{&quot;_animation&quot;:&quot;none&quot;}\" data-widget_type=\"heading.default\">\n\t\t\t\t<div class=\"elementor-widget-container\">\n\t\t\t<h2 class=\"elementor-heading-title elementor-size-default\"><a href=\"https:\/\/myrhotels.com\/restauracion\/cafe-madrid\/\">Cocteler\u00eda<\/a><\/h2>\t\t<\/div>\n\t\t\t\t<\/div>\n\t\t\t\t<div class=\"elementor-element elementor-element-1a5353e6 elementor-align-center elementor-widget elementor-widget-button\" data-id=\"1a5353e6\" data-element_type=\"widget\" data-widget_type=\"button.default\">\n\t\t\t\t<div class=\"elementor-widget-container\">\n\t\t\t\t\t<div class=\"elementor-button-wrapper\">\n\t\t\t<a class=\"elementor-button elementor-button-link elementor-size-sm\" href=\"https:\/\/myrhotels.com\/restauracion\/cafe-madrid\/\" target=\"_blank\">\n\t\t\t\t\t\t<span class=\"elementor-button-content-wrapper\">\n\t\t\t\t\t\t\t\t\t<span class=\"elementor-button-text\">VER M\u00c1S<\/span>\n\t\t\t\t\t<\/span>\n\t\t\t\t\t<\/a>\n\t\t<\/div>\n\t\t\t\t<\/div>\n\t\t\t\t<\/div>\n\t\t\t\t\t<\/div>\n\t\t<\/div>\n\t\t\t\t\t<\/div>\n\t\t<\/section>\n\t\t\t\t\t<\/div>\n\t\t<\/div>\n\t\t\t\t<div class=\"elementor-column elementor-col-25 elementor-top-column elementor-element elementor-element-2366fc95 listing-equal-height listing-last-to-bottom\" data-id=\"2366fc95\" data-element_type=\"column\" data-settings=\"{&quot;background_background&quot;:&quot;classic&quot;}\">\n\t\t\t<div class=\"elementor-widget-wrap elementor-element-populated\">\n\t\t\t\t\t<div class=\"elementor-background-overlay\"><\/div>\n\t\t\t\t\t\t<div class=\"elementor-element elementor-element-59b726a elementor-widget elementor-widget-spacer\" data-id=\"59b726a\" data-element_type=\"widget\" data-widget_type=\"spacer.default\">\n\t\t\t\t<div class=\"elementor-widget-container\">\n\t\t\t\t\t<div class=\"elementor-spacer\">\n\t\t\t<div class=\"elementor-spacer-inner\"><\/div>\n\t\t<\/div>\n\t\t\t\t<\/div>\n\t\t\t\t<\/div>\n\t\t\t\t<section class=\"elementor-section elementor-inner-section elementor-element elementor-element-201b455a elementor-section-boxed elementor-section-height-default elementor-section-height-default\" data-id=\"201b455a\" data-element_type=\"section\" data-settings=\"{&quot;jet_parallax_layout_list&quot;:[]}\">\n\t\t\t\t\t\t<div class=\"elementor-container elementor-column-gap-default\">\n\t\t\t\t\t<div class=\"elementor-column elementor-col-100 elementor-inner-column elementor-element elementor-element-2a25b1f9\" data-id=\"2a25b1f9\" data-element_type=\"column\">\n\t\t\t<div class=\"elementor-widget-wrap elementor-element-populated\">\n\t\t\t\t\t\t<div class=\"elementor-element elementor-element-58515ba7 elementor-widget elementor-widget-heading\" data-id=\"58515ba7\" data-element_type=\"widget\" data-settings=\"{&quot;_animation&quot;:&quot;none&quot;}\" data-widget_type=\"heading.default\">\n\t\t\t\t<div class=\"elementor-widget-container\">\n\t\t\t<h2 class=\"elementor-heading-title elementor-size-default\"><a href=\"https:\/\/myrhotels.com\/restauracion\/restaurante-la-perfumeria-valencia\/\">Restaurante La Perfumer\u00eda<\/a><\/h2>\t\t<\/div>\n\t\t\t\t<\/div>\n\t\t\t\t<div class=\"elementor-element elementor-element-34fa234a elementor-widget elementor-widget-heading\" data-id=\"34fa234a\" data-element_type=\"widget\" data-settings=\"{&quot;_animation&quot;:&quot;none&quot;}\" data-widget_type=\"heading.default\">\n\t\t\t\t<div class=\"elementor-widget-container\">\n\t\t\t<h2 class=\"elementor-heading-title elementor-size-default\"><a href=\"https:\/\/myrhotels.com\/restauracion\/restaurante-la-perfumeria-valencia\/\">Restaurante<\/a><\/h2>\t\t<\/div>\n\t\t\t\t<\/div>\n\t\t\t\t<div class=\"elementor-element elementor-element-60787dc0 elementor-align-center elementor-widget elementor-widget-button\" data-id=\"60787dc0\" data-element_type=\"widget\" data-widget_type=\"button.default\">\n\t\t\t\t<div class=\"elementor-widget-container\">\n\t\t\t\t\t<div class=\"elementor-button-wrapper\">\n\t\t\t<a class=\"elementor-button elementor-button-link elementor-size-sm\" href=\"https:\/\/myrhotels.com\/restauracion\/restaurante-la-perfumeria-valencia\/\" target=\"_blank\">\n\t\t\t\t\t\t<span class=\"elementor-button-content-wrapper\">\n\t\t\t\t\t\t\t\t\t<span class=\"elementor-button-text\">VER M\u00c1S<\/span>\n\t\t\t\t\t<\/span>\n\t\t\t\t\t<\/a>\n\t\t<\/div>\n\t\t\t\t<\/div>\n\t\t\t\t<\/div>\n\t\t\t\t\t<\/div>\n\t\t<\/div>\n\t\t\t\t\t<\/div>\n\t\t<\/section>\n\t\t\t\t\t<\/div>\n\t\t<\/div>\n\t\t\t\t<div class=\"elementor-column elementor-col-25 elementor-top-column elementor-element elementor-element-1163ef8 listing-equal-height listing-last-to-bottom\" data-id=\"1163ef8\" data-element_type=\"column\" data-settings=\"{&quot;background_background&quot;:&quot;classic&quot;}\">\n\t\t\t<div class=\"elementor-widget-wrap elementor-element-populated\">\n\t\t\t\t\t<div class=\"elementor-background-overlay\"><\/div>\n\t\t\t\t\t\t<div class=\"elementor-element elementor-element-256e071b elementor-widget elementor-widget-spacer\" data-id=\"256e071b\" data-element_type=\"widget\" data-widget_type=\"spacer.default\">\n\t\t\t\t<div class=\"elementor-widget-container\">\n\t\t\t\t\t<div class=\"elementor-spacer\">\n\t\t\t<div class=\"elementor-spacer-inner\"><\/div>\n\t\t<\/div>\n\t\t\t\t<\/div>\n\t\t\t\t<\/div>\n\t\t\t\t<section class=\"elementor-section elementor-inner-section elementor-element elementor-element-3bc35a78 elementor-section-boxed elementor-section-height-default elementor-section-height-default\" data-id=\"3bc35a78\" data-element_type=\"section\" data-settings=\"{&quot;jet_parallax_layout_list&quot;:[]}\">\n\t\t\t\t\t\t<div class=\"elementor-container elementor-column-gap-default\">\n\t\t\t\t\t<div class=\"elementor-column elementor-col-100 elementor-inner-column elementor-element elementor-element-6f1f38ad\" data-id=\"6f1f38ad\" data-element_type=\"column\">\n\t\t\t<div class=\"elementor-widget-wrap elementor-element-populated\">\n\t\t\t\t\t\t<div class=\"elementor-element elementor-element-8cb5526 elementor-widget elementor-widget-heading\" data-id=\"8cb5526\" data-element_type=\"widget\" data-settings=\"{&quot;_animation&quot;:&quot;none&quot;}\" data-widget_type=\"heading.default\">\n\t\t\t\t<div class=\"elementor-widget-container\">\n\t\t\t<h2 class=\"elementor-heading-title elementor-size-default\"><a href=\"https:\/\/myrhotels.com\/restauracion\/el-rincon-de-mercado\/\">Rinc\u00f3n del mercado<\/a><\/h2>\t\t<\/div>\n\t\t\t\t<\/div>\n\t\t\t\t<div class=\"elementor-element elementor-element-1651489c elementor-widget elementor-widget-heading\" data-id=\"1651489c\" data-element_type=\"widget\" data-settings=\"{&quot;_animation&quot;:&quot;none&quot;}\" data-widget_type=\"heading.default\">\n\t\t\t\t<div class=\"elementor-widget-container\">\n\t\t\t<h2 class=\"elementor-heading-title elementor-size-default\"><a href=\"https:\/\/myrhotels.com\/restauracion\/el-rincon-de-mercado\/\">Restaurante<\/a><\/h2>\t\t<\/div>\n\t\t\t\t<\/div>\n\t\t\t\t<div class=\"elementor-element elementor-element-46789eef elementor-align-center elementor-widget elementor-widget-button\" data-id=\"46789eef\" data-element_type=\"widget\" data-widget_type=\"button.default\">\n\t\t\t\t<div class=\"elementor-widget-container\">\n\t\t\t\t\t<div class=\"elementor-button-wrapper\">\n\t\t\t<a class=\"elementor-button elementor-button-link elementor-size-sm\" href=\"https:\/\/myrhotels.com\/restauracion\/el-rincon-de-mercado\/\" target=\"_blank\">\n\t\t\t\t\t\t<span class=\"elementor-button-content-wrapper\">\n\t\t\t\t\t\t\t\t\t<span class=\"elementor-button-text\">VER M\u00c1S<\/span>\n\t\t\t\t\t<\/span>\n\t\t\t\t\t<\/a>\n\t\t<\/div>\n\t\t\t\t<\/div>\n\t\t\t\t<\/div>\n\t\t\t\t\t<\/div>\n\t\t<\/div>\n\t\t\t\t\t<\/div>\n\t\t<\/section>\n\t\t\t\t\t<\/div>\n\t\t<\/div>\n\t\t\t\t\t<\/div>\n\t\t<\/section>\n\t\t\t\t<section class=\"elementor-section elementor-top-section elementor-element elementor-element-58a0b196 elementor-section-boxed elementor-section-height-default elementor-section-height-default\" data-id=\"58a0b196\" data-element_type=\"section\" data-settings=\"{&quot;jet_parallax_layout_list&quot;:[]}\">\n\t\t\t\t\t\t<div class=\"elementor-container elementor-column-gap-default\">\n\t\t\t\t\t<div class=\"elementor-column elementor-col-100 elementor-top-column elementor-element elementor-element-55f44bc\" data-id=\"55f44bc\" data-element_type=\"column\">\n\t\t\t<div class=\"elementor-widget-wrap elementor-element-populated\">\n\t\t\t\t\t\t\t<\/div>\n\t\t<\/div>\n\t\t\t\t\t<\/div>\n\t\t<\/section>\n\t\t\t\t<\/div>\n\t\t","protected":false},"excerpt":{"rendered":"<p>Qu\u00e9 ver Qu\u00e9 hacer Preparativos D\u00eda de la Madre en Valencia: brunch y taller de perfumer\u00eda en Luna de Valencia El D\u00eda de la Madre en Valencia es la ocasi\u00f3n perfecta para salir de la rutina y regalar algo m\u00e1s que un detalle: una experiencia. Cada vez m\u00e1s personas buscan planes originales para el D\u00eda [&hellip;]<\/p>\n","protected":false},"author":2,"featured_media":3889,"comment_status":"closed","ping_status":"closed","sticky":false,"template":"","format":"standard","meta":{"footnotes":""},"categories":[86,89,85,5,83],"tags":[116,103,115,99],"class_list":["post-3886","post","type-post","status-publish","format-standard","has-post-thumbnail","hentry","category-el-secreto-a-descubrir","category-eventos","category-gusto-myr","category-que-hacer-en-valencia","category-visitas-de-lujo","tag-eventos","tag-myr","tag-rooftop","tag-turismo"],"yoast_head":"<!-- This site is optimized with the Yoast SEO plugin v22.1 - https:\/\/yoast.com\/wordpress\/plugins\/seo\/ -->\n<title>D\u00eda de la Madre: brunch y taller de perfumer\u00eda en Luna de Valencia<\/title>\n<meta name=\"description\" content=\"Celebra el D\u00eda de la Madre en Valencia con un brunch en Luna de Valencia y un exclusivo taller de perfumer\u00eda.\" \/>\n<meta name=\"robots\" content=\"index, follow, max-snippet:-1, max-image-preview:large, max-video-preview:-1\" \/>\n<link rel=\"canonical\" href=\"https:\/\/myrhotels.com\/guia-turismo-valencia\/que-hacer-en-valencia\/dia-de-la-madre-valencia-brunch-taller-perfumeria-luna-de-valencia\/\" \/>\n<meta property=\"og:locale\" content=\"es_ES\" \/>\n<meta property=\"og:type\" content=\"article\" \/>\n<meta property=\"og:title\" content=\"D\u00eda de la Madre: brunch y taller de perfumer\u00eda en Luna de Valencia\" \/>\n<meta property=\"og:description\" content=\"Celebra el D\u00eda de la Madre en Valencia con un brunch en Luna de Valencia y un exclusivo taller de perfumer\u00eda.\" \/>\n<meta property=\"og:url\" content=\"https:\/\/myrhotels.com\/guia-turismo-valencia\/que-hacer-en-valencia\/dia-de-la-madre-valencia-brunch-taller-perfumeria-luna-de-valencia\/\" \/>\n<meta property=\"og:site_name\" content=\"MYR Hotels\" \/>\n<meta property=\"article:published_time\" content=\"2026-04-28T10:41:45+00:00\" \/>\n<meta property=\"article:modified_time\" content=\"2026-04-28T10:53:09+00:00\" \/>\n<meta property=\"og:image\" content=\"https:\/\/myrhotels.com\/guia-turismo-valencia\/wp-content\/uploads\/2026\/04\/Post_evento_da_de_la_madre_2.webp\" \/>\n\t<meta property=\"og:image:width\" content=\"1080\" \/>\n\t<meta property=\"og:image:height\" content=\"1440\" \/>\n\t<meta property=\"og:image:type\" content=\"image\/webp\" \/>\n<meta name=\"author\" content=\"myrhotels\" \/>\n<meta name=\"twitter:card\" content=\"summary_large_image\" \/>\n<meta name=\"twitter:label1\" content=\"Escrito por\" \/>\n\t<meta name=\"twitter:data1\" content=\"myrhotels\" \/>\n\t<meta name=\"twitter:label2\" content=\"Tiempo de lectura\" \/>\n\t<meta name=\"twitter:data2\" content=\"11 minutos\" \/>\n<script type=\"application\/ld+json\" class=\"yoast-schema-graph\">{\"@context\":\"https:\/\/schema.org\",\"@graph\":[{\"@type\":\"Article\",\"@id\":\"https:\/\/myrhotels.com\/guia-turismo-valencia\/que-hacer-en-valencia\/dia-de-la-madre-valencia-brunch-taller-perfumeria-luna-de-valencia\/#article\",\"isPartOf\":{\"@id\":\"https:\/\/myrhotels.com\/guia-turismo-valencia\/que-hacer-en-valencia\/dia-de-la-madre-valencia-brunch-taller-perfumeria-luna-de-valencia\/\"},\"author\":{\"name\":\"myrhotels\",\"@id\":\"https:\/\/myrhotels.com\/guia-turismo-valencia\/#\/schema\/person\/6dec45971c8aaa1698eef934ec2d56ea\"},\"headline\":\"D\u00eda de la Madre en Valencia: brunch y taller de perfumer\u00eda en Luna de Valencia\",\"datePublished\":\"2026-04-28T10:41:45+00:00\",\"dateModified\":\"2026-04-28T10:53:09+00:00\",\"mainEntityOfPage\":{\"@id\":\"https:\/\/myrhotels.com\/guia-turismo-valencia\/que-hacer-en-valencia\/dia-de-la-madre-valencia-brunch-taller-perfumeria-luna-de-valencia\/\"},\"wordCount\":1112,\"publisher\":{\"@id\":\"https:\/\/myrhotels.com\/guia-turismo-valencia\/#organization\"},\"keywords\":[\"eventos\",\"MYR\",\"rooftop\",\"turismo\"],\"articleSection\":[\"El secreto a descubrir\",\"Eventos\",\"Gusto MYR\",\"Qu\u00e9 hacer\",\"Visitas de Lujo\"],\"inLanguage\":\"es\"},{\"@type\":\"WebPage\",\"@id\":\"https:\/\/myrhotels.com\/guia-turismo-valencia\/que-hacer-en-valencia\/dia-de-la-madre-valencia-brunch-taller-perfumeria-luna-de-valencia\/\",\"url\":\"https:\/\/myrhotels.com\/guia-turismo-valencia\/que-hacer-en-valencia\/dia-de-la-madre-valencia-brunch-taller-perfumeria-luna-de-valencia\/\",\"name\":\"D\u00eda de la Madre: brunch y taller de perfumer\u00eda en Luna de Valencia\",\"isPartOf\":{\"@id\":\"https:\/\/myrhotels.com\/guia-turismo-valencia\/#website\"},\"datePublished\":\"2026-04-28T10:41:45+00:00\",\"dateModified\":\"2026-04-28T10:53:09+00:00\",\"description\":\"Celebra el D\u00eda de la Madre en Valencia con un brunch en Luna de Valencia y un exclusivo taller de perfumer\u00eda.\",\"breadcrumb\":{\"@id\":\"https:\/\/myrhotels.com\/guia-turismo-valencia\/que-hacer-en-valencia\/dia-de-la-madre-valencia-brunch-taller-perfumeria-luna-de-valencia\/#breadcrumb\"},\"inLanguage\":\"es\",\"potentialAction\":[{\"@type\":\"ReadAction\",\"target\":[\"https:\/\/myrhotels.com\/guia-turismo-valencia\/que-hacer-en-valencia\/dia-de-la-madre-valencia-brunch-taller-perfumeria-luna-de-valencia\/\"]}]},{\"@type\":\"BreadcrumbList\",\"@id\":\"https:\/\/myrhotels.com\/guia-turismo-valencia\/que-hacer-en-valencia\/dia-de-la-madre-valencia-brunch-taller-perfumeria-luna-de-valencia\/#breadcrumb\",\"itemListElement\":[{\"@type\":\"ListItem\",\"position\":1,\"name\":\"Portada\",\"item\":\"https:\/\/myrhotels.com\/guia-turismo-valencia\/\"},{\"@type\":\"ListItem\",\"position\":2,\"name\":\"D\u00eda de la Madre en Valencia: brunch y taller de perfumer\u00eda en Luna de Valencia\"}]},{\"@type\":\"WebSite\",\"@id\":\"https:\/\/myrhotels.com\/guia-turismo-valencia\/#website\",\"url\":\"https:\/\/myrhotels.com\/guia-turismo-valencia\/\",\"name\":\"MYR Hotels\",\"description\":\"Gu\u00eda Turismo\",\"publisher\":{\"@id\":\"https:\/\/myrhotels.com\/guia-turismo-valencia\/#organization\"},\"potentialAction\":[{\"@type\":\"SearchAction\",\"target\":{\"@type\":\"EntryPoint\",\"urlTemplate\":\"https:\/\/myrhotels.com\/guia-turismo-valencia\/?s={search_term_string}\"},\"query-input\":\"required name=search_term_string\"}],\"inLanguage\":\"es\"},{\"@type\":\"Organization\",\"@id\":\"https:\/\/myrhotels.com\/guia-turismo-valencia\/#organization\",\"name\":\"MYR Hotels\",\"url\":\"https:\/\/myrhotels.com\/guia-turismo-valencia\/\",\"logo\":{\"@type\":\"ImageObject\",\"inLanguage\":\"es\",\"@id\":\"https:\/\/myrhotels.com\/guia-turismo-valencia\/#\/schema\/logo\/image\/\",\"url\":\"https:\/\/myrhotels.com\/guia-turismo-valencia\/wp-content\/uploads\/2022\/07\/Logo_MYR-01.png\",\"contentUrl\":\"https:\/\/myrhotels.com\/guia-turismo-valencia\/wp-content\/uploads\/2022\/07\/Logo_MYR-01.png\",\"width\":972,\"height\":534,\"caption\":\"MYR Hotels\"},\"image\":{\"@id\":\"https:\/\/myrhotels.com\/guia-turismo-valencia\/#\/schema\/logo\/image\/\"}},{\"@type\":\"Person\",\"@id\":\"https:\/\/myrhotels.com\/guia-turismo-valencia\/#\/schema\/person\/6dec45971c8aaa1698eef934ec2d56ea\",\"name\":\"myrhotels\",\"image\":{\"@type\":\"ImageObject\",\"inLanguage\":\"es\",\"@id\":\"https:\/\/myrhotels.com\/guia-turismo-valencia\/#\/schema\/person\/image\/\",\"url\":\"https:\/\/secure.gravatar.com\/avatar\/90c743796ade8e7d8a96abdf18ad9594d1131d330a09f8a683df5818d6d236e3?s=96&d=mm&r=g\",\"contentUrl\":\"https:\/\/secure.gravatar.com\/avatar\/90c743796ade8e7d8a96abdf18ad9594d1131d330a09f8a683df5818d6d236e3?s=96&d=mm&r=g\",\"caption\":\"myrhotels\"},\"url\":\"https:\/\/myrhotels.com\/guia-turismo-valencia\/author\/myrhotels\/\"}]}<\/script>\n<!-- \/ Yoast SEO plugin. -->","yoast_head_json":{"title":"D\u00eda de la Madre: brunch y taller de perfumer\u00eda en Luna de Valencia","description":"Celebra el D\u00eda de la Madre en Valencia con un brunch en Luna de Valencia y un exclusivo taller de perfumer\u00eda.","robots":{"index":"index","follow":"follow","max-snippet":"max-snippet:-1","max-image-preview":"max-image-preview:large","max-video-preview":"max-video-preview:-1"},"canonical":"https:\/\/myrhotels.com\/guia-turismo-valencia\/que-hacer-en-valencia\/dia-de-la-madre-valencia-brunch-taller-perfumeria-luna-de-valencia\/","og_locale":"es_ES","og_type":"article","og_title":"D\u00eda de la Madre: brunch y taller de perfumer\u00eda en Luna de Valencia","og_description":"Celebra el D\u00eda de la Madre en Valencia con un brunch en Luna de Valencia y un exclusivo taller de perfumer\u00eda.","og_url":"https:\/\/myrhotels.com\/guia-turismo-valencia\/que-hacer-en-valencia\/dia-de-la-madre-valencia-brunch-taller-perfumeria-luna-de-valencia\/","og_site_name":"MYR Hotels","article_published_time":"2026-04-28T10:41:45+00:00","article_modified_time":"2026-04-28T10:53:09+00:00","og_image":[{"width":1080,"height":1440,"url":"https:\/\/myrhotels.com\/guia-turismo-valencia\/wp-content\/uploads\/2026\/04\/Post_evento_da_de_la_madre_2.webp","type":"image\/webp"}],"author":"myrhotels","twitter_card":"summary_large_image","twitter_misc":{"Escrito por":"myrhotels","Tiempo de lectura":"11 minutos"},"schema":{"@context":"https:\/\/schema.org","@graph":[{"@type":"Article","@id":"https:\/\/myrhotels.com\/guia-turismo-valencia\/que-hacer-en-valencia\/dia-de-la-madre-valencia-brunch-taller-perfumeria-luna-de-valencia\/#article","isPartOf":{"@id":"https:\/\/myrhotels.com\/guia-turismo-valencia\/que-hacer-en-valencia\/dia-de-la-madre-valencia-brunch-taller-perfumeria-luna-de-valencia\/"},"author":{"name":"myrhotels","@id":"https:\/\/myrhotels.com\/guia-turismo-valencia\/#\/schema\/person\/6dec45971c8aaa1698eef934ec2d56ea"},"headline":"D\u00eda de la Madre en Valencia: brunch y taller de perfumer\u00eda en Luna de Valencia","datePublished":"2026-04-28T10:41:45+00:00","dateModified":"2026-04-28T10:53:09+00:00","mainEntityOfPage":{"@id":"https:\/\/myrhotels.com\/guia-turismo-valencia\/que-hacer-en-valencia\/dia-de-la-madre-valencia-brunch-taller-perfumeria-luna-de-valencia\/"},"wordCount":1112,"publisher":{"@id":"https:\/\/myrhotels.com\/guia-turismo-valencia\/#organization"},"keywords":["eventos","MYR","rooftop","turismo"],"articleSection":["El secreto a descubrir","Eventos","Gusto MYR","Qu\u00e9 hacer","Visitas de Lujo"],"inLanguage":"es"},{"@type":"WebPage","@id":"https:\/\/myrhotels.com\/guia-turismo-valencia\/que-hacer-en-valencia\/dia-de-la-madre-valencia-brunch-taller-perfumeria-luna-de-valencia\/","url":"https:\/\/myrhotels.com\/guia-turismo-valencia\/que-hacer-en-valencia\/dia-de-la-madre-valencia-brunch-taller-perfumeria-luna-de-valencia\/","name":"D\u00eda de la Madre: brunch y taller de perfumer\u00eda en Luna de Valencia","isPartOf":{"@id":"https:\/\/myrhotels.com\/guia-turismo-valencia\/#website"},"datePublished":"2026-04-28T10:41:45+00:00","dateModified":"2026-04-28T10:53:09+00:00","description":"Celebra el D\u00eda de la Madre en Valencia con un brunch en Luna de Valencia y un exclusivo taller de perfumer\u00eda.","breadcrumb":{"@id":"https:\/\/myrhotels.com\/guia-turismo-valencia\/que-hacer-en-valencia\/dia-de-la-madre-valencia-brunch-taller-perfumeria-luna-de-valencia\/#breadcrumb"},"inLanguage":"es","potentialAction":[{"@type":"ReadAction","target":["https:\/\/myrhotels.com\/guia-turismo-valencia\/que-hacer-en-valencia\/dia-de-la-madre-valencia-brunch-taller-perfumeria-luna-de-valencia\/"]}]},{"@type":"BreadcrumbList","@id":"https:\/\/myrhotels.com\/guia-turismo-valencia\/que-hacer-en-valencia\/dia-de-la-madre-valencia-brunch-taller-perfumeria-luna-de-valencia\/#breadcrumb","itemListElement":[{"@type":"ListItem","position":1,"name":"Portada","item":"https:\/\/myrhotels.com\/guia-turismo-valencia\/"},{"@type":"ListItem","position":2,"name":"D\u00eda de la Madre en Valencia: brunch y taller de perfumer\u00eda en Luna de Valencia"}]},{"@type":"WebSite","@id":"https:\/\/myrhotels.com\/guia-turismo-valencia\/#website","url":"https:\/\/myrhotels.com\/guia-turismo-valencia\/","name":"MYR Hotels","description":"Gu\u00eda Turismo","publisher":{"@id":"https:\/\/myrhotels.com\/guia-turismo-valencia\/#organization"},"potentialAction":[{"@type":"SearchAction","target":{"@type":"EntryPoint","urlTemplate":"https:\/\/myrhotels.com\/guia-turismo-valencia\/?s={search_term_string}"},"query-input":"required name=search_term_string"}],"inLanguage":"es"},{"@type":"Organization","@id":"https:\/\/myrhotels.com\/guia-turismo-valencia\/#organization","name":"MYR Hotels","url":"https:\/\/myrhotels.com\/guia-turismo-valencia\/","logo":{"@type":"ImageObject","inLanguage":"es","@id":"https:\/\/myrhotels.com\/guia-turismo-valencia\/#\/schema\/logo\/image\/","url":"https:\/\/myrhotels.com\/guia-turismo-valencia\/wp-content\/uploads\/2022\/07\/Logo_MYR-01.png","contentUrl":"https:\/\/myrhotels.com\/guia-turismo-valencia\/wp-content\/uploads\/2022\/07\/Logo_MYR-01.png","width":972,"height":534,"caption":"MYR Hotels"},"image":{"@id":"https:\/\/myrhotels.com\/guia-turismo-valencia\/#\/schema\/logo\/image\/"}},{"@type":"Person","@id":"https:\/\/myrhotels.com\/guia-turismo-valencia\/#\/schema\/person\/6dec45971c8aaa1698eef934ec2d56ea","name":"myrhotels","image":{"@type":"ImageObject","inLanguage":"es","@id":"https:\/\/myrhotels.com\/guia-turismo-valencia\/#\/schema\/person\/image\/","url":"https:\/\/secure.gravatar.com\/avatar\/90c743796ade8e7d8a96abdf18ad9594d1131d330a09f8a683df5818d6d236e3?s=96&d=mm&r=g","contentUrl":"https:\/\/secure.gravatar.com\/avatar\/90c743796ade8e7d8a96abdf18ad9594d1131d330a09f8a683df5818d6d236e3?s=96&d=mm&r=g","caption":"myrhotels"},"url":"https:\/\/myrhotels.com\/guia-turismo-valencia\/author\/myrhotels\/"}]}},"_links":{"self":[{"href":"https:\/\/myrhotels.com\/guia-turismo-valencia\/wp-json\/wp\/v2\/posts\/3886","targetHints":{"allow":["GET"]}}],"collection":[{"href":"https:\/\/myrhotels.com\/guia-turismo-valencia\/wp-json\/wp\/v2\/posts"}],"about":[{"href":"https:\/\/myrhotels.com\/guia-turismo-valencia\/wp-json\/wp\/v2\/types\/post"}],"author":[{"embeddable":true,"href":"https:\/\/myrhotels.com\/guia-turismo-valencia\/wp-json\/wp\/v2\/users\/2"}],"replies":[{"embeddable":true,"href":"https:\/\/myrhotels.com\/guia-turismo-valencia\/wp-json\/wp\/v2\/comments?post=3886"}],"version-history":[{"count":12,"href":"https:\/\/myrhotels.com\/guia-turismo-valencia\/wp-json\/wp\/v2\/posts\/3886\/revisions"}],"predecessor-version":[{"id":3904,"href":"https:\/\/myrhotels.com\/guia-turismo-valencia\/wp-json\/wp\/v2\/posts\/3886\/revisions\/3904"}],"wp:featuredmedia":[{"embeddable":true,"href":"https:\/\/myrhotels.com\/guia-turismo-valencia\/wp-json\/wp\/v2\/media\/3889"}],"wp:attachment":[{"href":"https:\/\/myrhotels.com\/guia-turismo-valencia\/wp-json\/wp\/v2\/media?parent=3886"}],"wp:term":[{"taxonomy":"category","embeddable":true,"href":"https:\/\/myrhotels.com\/guia-turismo-valencia\/wp-json\/wp\/v2\/categories?post=3886"},{"taxonomy":"post_tag","embeddable":true,"href":"https:\/\/myrhotels.com\/guia-turismo-valencia\/wp-json\/wp\/v2\/tags?post=3886"}],"curies":[{"name":"wp","href":"https:\/\/api.w.org\/{rel}","templated":true}]}}