{"id":3806,"date":"2026-03-12T12:06:05","date_gmt":"2026-03-12T12:06:05","guid":{"rendered":"https:\/\/myrhotels.com\/guia-turismo-valencia\/?p=3806"},"modified":"2026-03-12T12:06:07","modified_gmt":"2026-03-12T12:06:07","slug":"myr-hotels-celebra-fallas-gastronomia-cocteleria-programacion-valenciana","status":"publish","type":"post","link":"https:\/\/myrhotels.com\/guia-turismo-valencia\/gusto-myr\/myr-hotels-celebra-fallas-gastronomia-cocteleria-programacion-valenciana\/","title":{"rendered":"MYR Hotels celebra las Fallas con gastronom\u00eda, cocteler\u00eda de autor y una programaci\u00f3n que honra el esp\u00edritu valenciano"},"content":{"rendered":"\t\t<div data-elementor-type=\"wp-post\" data-elementor-id=\"3806\" class=\"elementor elementor-3806\">\n\t\t\t\t\t\t<section class=\"elementor-section elementor-top-section elementor-element elementor-element-68d48cb4 elementor-section-boxed elementor-section-height-default elementor-section-height-default\" data-id=\"68d48cb4\" data-element_type=\"section\" data-settings=\"{&quot;jet_parallax_layout_list&quot;:[],&quot;shape_divider_top&quot;:&quot;triangle-asymmetrical&quot;}\">\n\t\t\t\t\t<div class=\"elementor-shape elementor-shape-top\" data-negative=\"false\">\n\t\t\t<svg xmlns=\"http:\/\/www.w3.org\/2000\/svg\" viewBox=\"0 0 1000 100\" preserveAspectRatio=\"none\">\n\t<path class=\"elementor-shape-fill\" d=\"M738,99l262-93V0H0v5.6L738,99z\"\/>\n<\/svg>\t\t<\/div>\n\t\t\t\t\t<div class=\"elementor-container elementor-column-gap-default\">\n\t\t\t\t\t<div class=\"elementor-column elementor-col-33 elementor-top-column elementor-element elementor-element-72ea3385\" data-id=\"72ea3385\" data-element_type=\"column\">\n\t\t\t<div class=\"elementor-widget-wrap elementor-element-populated\">\n\t\t\t\t\t\t<div class=\"elementor-element elementor-element-16375bfe elementor-widget elementor-widget-image\" data-id=\"16375bfe\" data-element_type=\"widget\" data-widget_type=\"image.default\">\n\t\t\t\t<div class=\"elementor-widget-container\">\n\t\t\t<style>\/*! elementor - v3.23.0 - 05-08-2024 *\/\n.elementor-widget-image{text-align:center}.elementor-widget-image a{display:inline-block}.elementor-widget-image a img[src$=\".svg\"]{width:48px}.elementor-widget-image img{vertical-align:middle;display:inline-block}<\/style>\t\t\t\t\t\t\t\t\t\t\t<a href=\"https:\/\/myrhotels.com\/guia-turismo-valencia\/\">\n\t\t\t\t\t\t\t<img fetchpriority=\"high\" decoding=\"async\" width=\"584\" height=\"585\" src=\"https:\/\/myrhotels.com\/guia-turismo-valencia\/wp-content\/uploads\/2025\/06\/Logo_MYR_fondo.jpg\" class=\"attachment-large size-large wp-image-3080\" alt=\"\" srcset=\"https:\/\/myrhotels.com\/guia-turismo-valencia\/wp-content\/uploads\/2025\/06\/Logo_MYR_fondo.jpg 584w, https:\/\/myrhotels.com\/guia-turismo-valencia\/wp-content\/uploads\/2025\/06\/Logo_MYR_fondo-300x300.jpg 300w, https:\/\/myrhotels.com\/guia-turismo-valencia\/wp-content\/uploads\/2025\/06\/Logo_MYR_fondo-150x150.jpg 150w\" sizes=\"(max-width: 584px) 100vw, 584px\" \/>\t\t\t\t\t\t\t\t<\/a>\n\t\t\t\t\t\t\t\t\t\t\t\t\t<\/div>\n\t\t\t\t<\/div>\n\t\t\t\t\t<\/div>\n\t\t<\/div>\n\t\t\t\t<div class=\"elementor-column elementor-col-66 elementor-top-column elementor-element elementor-element-32a9696\" data-id=\"32a9696\" data-element_type=\"column\">\n\t\t\t<div class=\"elementor-widget-wrap elementor-element-populated\">\n\t\t\t\t\t\t<div class=\"elementor-element elementor-element-77e4425a jet-nav-align-center elementor-widget elementor-widget-jet-nav-menu\" data-id=\"77e4425a\" data-element_type=\"widget\" data-settings=\"{&quot;sticky&quot;:&quot;top&quot;,&quot;sticky_on&quot;:[&quot;mobile&quot;],&quot;sticky_effects_offset_mobile&quot;:0,&quot;_animation_mobile&quot;:&quot;fadeInDown&quot;,&quot;sticky_offset&quot;:0,&quot;sticky_effects_offset&quot;:0}\" data-widget_type=\"jet-nav-menu.default\">\n\t\t\t\t<div class=\"elementor-widget-container\">\n\t\t\t<nav class=\"jet-nav-wrap jet-mobile-menu jet-mobile-menu--default\" data-mobile-layout=\"default\">\n<div class=\"jet-nav__mobile-trigger jet-nav-mobile-trigger-align-left\">\n\t<span class=\"jet-nav__mobile-trigger-open jet-blocks-icon\"><i aria-hidden=\"true\" class=\"fas fa-bars\"><\/i><\/span>\t<span class=\"jet-nav__mobile-trigger-close jet-blocks-icon\"><i aria-hidden=\"true\" class=\"fas fa-times\"><\/i><\/span><\/div><div class=\"menu-menu-principal-container\"><div class=\"jet-nav jet-nav--horizontal\"><div class=\"menu-item menu-item-type-taxonomy menu-item-object-category jet-nav__item-145 jet-nav__item\"><a href=\"https:\/\/myrhotels.com\/guia-turismo-valencia\/categoria\/que-ver-en-valencia\/\" class=\"menu-item-link menu-item-link-depth-0 menu-item-link-top\"><span class=\"jet-nav-link-text\">Qu\u00e9 ver<\/span><\/a><\/div>\n<div class=\"menu-item menu-item-type-taxonomy menu-item-object-category jet-nav__item-146 jet-nav__item\"><a href=\"https:\/\/myrhotels.com\/guia-turismo-valencia\/categoria\/que-hacer-en-valencia\/\" class=\"menu-item-link menu-item-link-depth-0 menu-item-link-top\"><span class=\"jet-nav-link-text\">Qu\u00e9 hacer<\/span><\/a><\/div>\n<div class=\"menu-item menu-item-type-taxonomy menu-item-object-category jet-nav__item-147 jet-nav__item\"><a href=\"https:\/\/myrhotels.com\/guia-turismo-valencia\/categoria\/prepara-tu-viaje\/\" class=\"menu-item-link menu-item-link-depth-0 menu-item-link-top\"><span class=\"jet-nav-link-text\">Preparativos<\/span><\/a><\/div>\n<\/div><\/div><\/nav>\t\t<\/div>\n\t\t\t\t<\/div>\n\t\t\t\t\t<\/div>\n\t\t<\/div>\n\t\t\t\t\t<\/div>\n\t\t<\/section>\n\t\t\t\t<section class=\"elementor-section elementor-top-section elementor-element elementor-element-34206182 elementor-section-boxed elementor-section-height-default elementor-section-height-default\" data-id=\"34206182\" data-element_type=\"section\" data-settings=\"{&quot;jet_parallax_layout_list&quot;:[],&quot;background_background&quot;:&quot;gradient&quot;}\">\n\t\t\t\t\t\t<div class=\"elementor-container elementor-column-gap-default\">\n\t\t\t\t\t<div class=\"elementor-column elementor-col-100 elementor-top-column elementor-element elementor-element-24c2f4c2\" data-id=\"24c2f4c2\" data-element_type=\"column\">\n\t\t\t<div class=\"elementor-widget-wrap elementor-element-populated\">\n\t\t\t\t\t\t<div class=\"elementor-element elementor-element-5e7b260a elementor-widget elementor-widget-heading\" data-id=\"5e7b260a\" data-element_type=\"widget\" data-widget_type=\"heading.default\">\n\t\t\t\t<div class=\"elementor-widget-container\">\n\t\t\t<style>\/*! elementor - v3.23.0 - 05-08-2024 *\/\n.elementor-heading-title{padding:0;margin:0;line-height:1}.elementor-widget-heading .elementor-heading-title[class*=elementor-size-]>a{color:inherit;font-size:inherit;line-height:inherit}.elementor-widget-heading .elementor-heading-title.elementor-size-small{font-size:15px}.elementor-widget-heading .elementor-heading-title.elementor-size-medium{font-size:19px}.elementor-widget-heading .elementor-heading-title.elementor-size-large{font-size:29px}.elementor-widget-heading .elementor-heading-title.elementor-size-xl{font-size:39px}.elementor-widget-heading .elementor-heading-title.elementor-size-xxl{font-size:59px}<\/style><h2 class=\"elementor-heading-title elementor-size-default\">MYR Hotels celebra las Fallas con gastronom\u00eda, cocteler\u00eda de autor y una programaci\u00f3n que honra el esp\u00edritu valenciano<\/h2>\t\t<\/div>\n\t\t\t\t<\/div>\n\t\t\t\t<div class=\"elementor-element elementor-element-a80aaec elementor-widget elementor-widget-text-editor\" data-id=\"a80aaec\" data-element_type=\"widget\" data-widget_type=\"text-editor.default\">\n\t\t\t\t<div class=\"elementor-widget-container\">\n\t\t\t<style>\/*! elementor - v3.23.0 - 05-08-2024 *\/\n.elementor-widget-text-editor.elementor-drop-cap-view-stacked .elementor-drop-cap{background-color:#69727d;color:#fff}.elementor-widget-text-editor.elementor-drop-cap-view-framed .elementor-drop-cap{color:#69727d;border:3px solid;background-color:transparent}.elementor-widget-text-editor:not(.elementor-drop-cap-view-default) .elementor-drop-cap{margin-top:8px}.elementor-widget-text-editor:not(.elementor-drop-cap-view-default) .elementor-drop-cap-letter{width:1em;height:1em}.elementor-widget-text-editor .elementor-drop-cap{float:left;text-align:center;line-height:1;font-size:50px}.elementor-widget-text-editor .elementor-drop-cap-letter{display:inline-block}<\/style>\t\t\t\t<p>Las Fallas transforman Valencia cada mes de marzo: la ciudad se llena de luz, p\u00f3lvora, m\u00fasica y emoci\u00f3n. En este contexto, <span class=\"notion-enable-hover\" data-token-index=\"1\">MYR Hotels<\/span> vuelve a sumarse a la celebraci\u00f3n con una propuesta que fusiona alta gastronom\u00eda, cocteler\u00eda de autor y creatividad inspirada en la tradici\u00f3n. Este a\u00f1o, el grupo presenta dos experiencias \u00fanicas: el men\u00fa especial <span class=\"notion-enable-hover\" data-token-index=\"3\">Muerde Valencia<\/span> en el restaurante <span class=\"notion-enable-hover\" data-token-index=\"5\">La Perfumer\u00eda<\/span> y el c\u00f3ctel de edici\u00f3n limitada <span class=\"notion-enable-hover\" data-token-index=\"7\">Gran Masclet\u00e0<\/span>, disponible en tres de sus espacios m\u00e1s emblem\u00e1ticos.<!-- notionvc: 8215dc96-c8ac-4f63-a5df-57fbf110ffb2 --><\/p>\t\t\t\t\t\t<\/div>\n\t\t\t\t<\/div>\n\t\t\t\t\t<\/div>\n\t\t<\/div>\n\t\t\t\t\t<\/div>\n\t\t<\/section>\n\t\t\t\t<section class=\"elementor-section elementor-top-section elementor-element elementor-element-7cc7ea04 elementor-section-boxed elementor-section-height-default elementor-section-height-default\" data-id=\"7cc7ea04\" data-element_type=\"section\" data-settings=\"{&quot;jet_parallax_layout_list&quot;:[],&quot;background_background&quot;:&quot;gradient&quot;,&quot;shape_divider_top&quot;:&quot;triangle-asymmetrical&quot;}\">\n\t\t\t\t\t<div class=\"elementor-shape elementor-shape-top\" data-negative=\"false\">\n\t\t\t<svg xmlns=\"http:\/\/www.w3.org\/2000\/svg\" viewBox=\"0 0 1000 100\" preserveAspectRatio=\"none\">\n\t<path class=\"elementor-shape-fill\" d=\"M738,99l262-93V0H0v5.6L738,99z\"\/>\n<\/svg>\t\t<\/div>\n\t\t\t\t\t<div class=\"elementor-container elementor-column-gap-default\">\n\t\t\t\t\t<div class=\"elementor-column elementor-col-66 elementor-top-column elementor-element elementor-element-3d6be923\" data-id=\"3d6be923\" data-element_type=\"column\">\n\t\t\t<div class=\"elementor-widget-wrap elementor-element-populated\">\n\t\t\t\t\t\t<div class=\"elementor-element elementor-element-fc2b0a1 elementor-widget elementor-widget-heading\" data-id=\"fc2b0a1\" data-element_type=\"widget\" data-widget_type=\"heading.default\">\n\t\t\t\t<div class=\"elementor-widget-container\">\n\t\t\t<h2 class=\"elementor-heading-title elementor-size-default\">Muerde Valencia: las Fallas convertidas en un men\u00fa de alta cocina<\/h2>\t\t<\/div>\n\t\t\t\t<\/div>\n\t\t\t\t<div class=\"elementor-element elementor-element-78cd037e elementor-widget elementor-widget-text-editor\" data-id=\"78cd037e\" data-element_type=\"widget\" data-widget_type=\"text-editor.default\">\n\t\t\t\t<div class=\"elementor-widget-container\">\n\t\t\t\t\t\t\t<p>Ubicado en el hist\u00f3rico entorno de Plaza Manises, <a href=\"https:\/\/myrhotels.com\/guia-turismo-valencia\/gusto-myr\/comidas-de-empresa-en-valencia\/\"><strong>La Perfumer\u00eda<\/strong> <\/a>presenta <em>Muerde Valencia<\/em>, un men\u00fa creado especialmente para Fallas y disponible del 1 al 22 de marzo. Concebido como un homenaje culinario a los s\u00edmbolos m\u00e1s reconocibles de la fiesta, este men\u00fa no solo alimenta, sino que narra.<\/p>\n<p>Estructurado como un relato sensorial por actos, <em>Muerde Valencia<\/em> recorre momentos ic\u00f3nicos de la tradici\u00f3n fallera: desde el esmorzaret y la intensidad de la masclet\u00e0 hasta los sabores de la tierra y la magia del fuego purificador de la <em>Nit del Foc<\/em>. Cada plato traduce un fragmento de la memoria colectiva valenciana y lo eleva a una experiencia gastron\u00f3mica contempor\u00e1nea que conecta pasado y presente.<\/p>\n<p>El resultado es una invitaci\u00f3n a saborear las Fallas desde la calma, la emoci\u00f3n y la sensibilidad, en un espacio donde dise\u00f1o, producto local y t\u00e9cnica culinaria se combinan para crear una vivencia inolvidable en pleno centro hist\u00f3rico.<\/p>\n<p><!-- notionvc: f8f042c3-4d5f-4805-9166-f6ef81d6d393 --><\/p>\t\t\t\t\t\t<\/div>\n\t\t\t\t<\/div>\n\t\t\t\t<div class=\"elementor-element elementor-element-8f1fd1a elementor-widget elementor-widget-image\" data-id=\"8f1fd1a\" data-element_type=\"widget\" data-widget_type=\"image.default\">\n\t\t\t\t<div class=\"elementor-widget-container\">\n\t\t\t\t\t\t\t\t\t\t\t\t\t<img decoding=\"async\" width=\"800\" height=\"1000\" src=\"https:\/\/myrhotels.com\/guia-turismo-valencia\/wp-content\/uploads\/2026\/03\/2-819x1024.webp\" class=\"attachment-large size-large wp-image-3809\" alt=\"\" srcset=\"https:\/\/myrhotels.com\/guia-turismo-valencia\/wp-content\/uploads\/2026\/03\/2-819x1024.webp 819w, https:\/\/myrhotels.com\/guia-turismo-valencia\/wp-content\/uploads\/2026\/03\/2-320x400.webp 320w, https:\/\/myrhotels.com\/guia-turismo-valencia\/wp-content\/uploads\/2026\/03\/2-768x960.webp 768w, https:\/\/myrhotels.com\/guia-turismo-valencia\/wp-content\/uploads\/2026\/03\/2.webp 1080w\" sizes=\"(max-width: 800px) 100vw, 800px\" \/>\t\t\t\t\t\t\t\t\t\t\t\t\t<\/div>\n\t\t\t\t<\/div>\n\t\t\t\t<div class=\"elementor-element elementor-element-1062f91b elementor-widget elementor-widget-text-editor\" data-id=\"1062f91b\" data-element_type=\"widget\" data-widget_type=\"text-editor.default\">\n\t\t\t\t<div class=\"elementor-widget-container\">\n\t\t\t\t\t\t\t<h3>Gran Masclet\u00e0: el sonido de las Fallas servido en copa.<\/h3>\n<p>\u00a0<\/p>\n<p>Como complemento perfecto al viaje gastron\u00f3mico, MYR Hotels presenta <em>Gran Masclet\u00e0<\/em>, un c\u00f3ctel de autor inspirado en uno de los momentos m\u00e1s vibrantes de la fiesta: la masclet\u00e0 de la Plaza del Ayuntamiento.<\/p>\n<p>Elaborado con ginebra local y notas arom\u00e1ticas profundamente ligadas a Valencia \u2014como el azahar\u2014, este c\u00f3ctel juega con contrastes que remiten al ritmo explosivo de una masclet\u00e0: frescura inicial, dulzor equilibrado y un final sorprendente que evoca la vibraci\u00f3n de la p\u00f3lvora.<\/p>\n<p><em>Gran Masclet\u00e0<\/em> podr\u00e1 disfrutarse durante las Fallas en tres espacios \u00fanicos del grupo:<\/p>\n<ul>\n<li><a href=\"https:\/\/myrhotels.com\/restauracion\/cafe-madrid-valencia\/\"><strong>Caf\u00e9 Madrid<\/strong>:<\/a> un cl\u00e1sico del centro hist\u00f3rico reinterpretado.<\/li>\n<li><a href=\"https:\/\/myrhotels.com\/guia-turismo-valencia\/que-hacer-en-valencia\/luna-de-valencia-rooftop\/\"><strong>Luna de Valencia Rooftop<\/strong>:<\/a> vistas privilegiadas para contemplar la ciudad desde las alturas.<\/li>\n<li><a href=\"https:\/\/myrhotels.com\/guia-turismo-valencia\/el-secreto-a-descubrir\/lladro-lounge-bar-cocteleria-exclusiva-myr-hotels\/\"><strong>Lladr\u00f3 Lounge Bar<\/strong>:<\/a> elegancia contempor\u00e1nea donde tradici\u00f3n y modernidad conviven.<\/li>\n<\/ul>\n<p><!-- notionvc: d4855ad3-b472-4c1f-b535-435d1a2761a4 --><\/p>\t\t\t\t\t\t<\/div>\n\t\t\t\t<\/div>\n\t\t\t\t<div class=\"elementor-element elementor-element-1681a342 elementor-widget elementor-widget-text-editor\" data-id=\"1681a342\" data-element_type=\"widget\" data-widget_type=\"text-editor.default\">\n\t\t\t\t<div class=\"elementor-widget-container\">\n\t\t\t\t\t\t\t<h2>Una experiencia que va m\u00e1s all\u00e1 de la fiesta<\/h2>\n<p>En palabras de <strong>Cesar Rionda<\/strong>, director general de MYR Hotels, en<a href=\"https:\/\/soundcloud.com\/you\/insights\/tracks\/entrevista-ce-sar\"> entrevista en el programa M\u00e1s de uno Valencia, de Onda Cero<\/a>, \u201cesta programaci\u00f3n especial refleja el compromiso de la cadena con la ciudad y sus tradiciones, ofreciendo experiencias que conectan al visitante y al valenciano con la esencia m\u00e1s aut\u00e9ntica de las Fallas\u201d.<\/p>\n<p>Puedes\u00a0<\/p>\n<p>A trav\u00e9s de <em>Muerde Valencia<\/em> y <em>Gran Masclet\u00e0<\/em>, MYR Hotels invita a vivir las Fallas de manera diferente: con identidad, calidad y un profundo respeto por la cultura valenciana. Dos propuestas que no solo celebran la fiesta, sino tambi\u00e9n el alma de la ciudad en su momento m\u00e1s emocionante.<\/p>\n<p><!-- notionvc: fa8b041f-e294-49d7-899c-90f0b430ae77 --><\/p>\t\t\t\t\t\t<\/div>\n\t\t\t\t<\/div>\n\t\t\t\t<div class=\"elementor-element elementor-element-f017466 elementor-widget elementor-widget-image\" data-id=\"f017466\" data-element_type=\"widget\" data-widget_type=\"image.default\">\n\t\t\t\t<div class=\"elementor-widget-container\">\n\t\t\t\t\t\t\t\t\t\t\t\t\t<img decoding=\"async\" width=\"678\" height=\"1024\" src=\"https:\/\/myrhotels.com\/guia-turismo-valencia\/wp-content\/uploads\/2026\/03\/DSC_2847-678x1024.webp\" class=\"attachment-large size-large wp-image-3810\" alt=\"\" srcset=\"https:\/\/myrhotels.com\/guia-turismo-valencia\/wp-content\/uploads\/2026\/03\/DSC_2847-678x1024.webp 678w, https:\/\/myrhotels.com\/guia-turismo-valencia\/wp-content\/uploads\/2026\/03\/DSC_2847-265x400.webp 265w, https:\/\/myrhotels.com\/guia-turismo-valencia\/wp-content\/uploads\/2026\/03\/DSC_2847-768x1160.webp 768w, https:\/\/myrhotels.com\/guia-turismo-valencia\/wp-content\/uploads\/2026\/03\/DSC_2847-1017x1536.webp 1017w, https:\/\/myrhotels.com\/guia-turismo-valencia\/wp-content\/uploads\/2026\/03\/DSC_2847-1357x2048.webp 1357w, https:\/\/myrhotels.com\/guia-turismo-valencia\/wp-content\/uploads\/2026\/03\/DSC_2847-scaled.webp 1696w\" sizes=\"(max-width: 678px) 100vw, 678px\" \/>\t\t\t\t\t\t\t\t\t\t\t\t\t<\/div>\n\t\t\t\t<\/div>\n\t\t\t\t\t<\/div>\n\t\t<\/div>\n\t\t\t\t<div class=\"elementor-column elementor-col-33 elementor-top-column elementor-element elementor-element-52a6b5bc\" data-id=\"52a6b5bc\" data-element_type=\"column\" data-settings=\"{&quot;background_background&quot;:&quot;gradient&quot;}\">\n\t\t\t<div class=\"elementor-widget-wrap elementor-element-populated\">\n\t\t\t\t\t\t<div class=\"elementor-element elementor-element-a8bec1b elementor-widget elementor-widget-heading\" data-id=\"a8bec1b\" data-element_type=\"widget\" data-widget_type=\"heading.default\">\n\t\t\t\t<div class=\"elementor-widget-container\">\n\t\t\t<h3 class=\"elementor-heading-title elementor-size-default\">Recomendados<\/h3>\t\t<\/div>\n\t\t\t\t<\/div>\n\t\t\t\t<div class=\"elementor-element elementor-element-6ed62c29 elementor-widget elementor-widget-jet-posts\" data-id=\"6ed62c29\" data-element_type=\"widget\" data-settings=\"{&quot;columns&quot;:&quot;1&quot;}\" data-widget_type=\"jet-posts.default\">\n\t\t\t\t<div class=\"elementor-widget-container\">\n\t\t\t<div class=\"elementor-jet-posts jet-elements\"><div class=\"jet-posts col-row  jet-equal-cols\"><div class=\"jet-posts__item\">\n\t<div class=\"jet-posts__inner-box\"><div class=\"post-thumbnail\"><a href=\"https:\/\/myrhotels.com\/guia-turismo-valencia\/gusto-myr\/vivir-valencia-como-un-local-guia-autentica\/\" class=\"post-thumbnail__link\"><img loading=\"lazy\" decoding=\"async\" class=\"post-thumbnail__img wp-post-image\" src=\"https:\/\/myrhotels.com\/guia-turismo-valencia\/wp-content\/uploads\/2026\/04\/1.webp\" alt=\"C\u00f3mo vivir Valencia como un local: gu\u00eda pr\u00e1ctica para una experiencia aut\u00e9ntica\" loading=\"lazy\" width=\"800\" height=\"1200\"><\/a><\/div><div class=\"jet-posts__inner-content\"><h4 class=\"entry-title\"><a href=\"https:\/\/myrhotels.com\/guia-turismo-valencia\/gusto-myr\/vivir-valencia-como-un-local-guia-autentica\/\">C\u00f3mo vivir Valencia como un local: gu\u00eda pr\u00e1ctica para una experiencia aut\u00e9ntica<\/a><\/h4><\/div><\/div>\n<\/div>\n<div class=\"jet-posts__item\">\n\t<div class=\"jet-posts__inner-box\"><div class=\"post-thumbnail\"><a href=\"https:\/\/myrhotels.com\/guia-turismo-valencia\/gusto-myr\/dia-de-la-madre-valencia-brunch-taller-perfumeria-luna-de-valencia\/\" class=\"post-thumbnail__link\"><img loading=\"lazy\" decoding=\"async\" class=\"post-thumbnail__img wp-post-image\" src=\"https:\/\/myrhotels.com\/guia-turismo-valencia\/wp-content\/uploads\/2026\/04\/Post_evento_da_de_la_madre_2.webp\" alt=\"D\u00eda de la Madre en Valencia: brunch y taller de perfumer\u00eda en Luna de Valencia\" loading=\"lazy\" width=\"1080\" height=\"1440\"><\/a><\/div><div class=\"jet-posts__inner-content\"><h4 class=\"entry-title\"><a href=\"https:\/\/myrhotels.com\/guia-turismo-valencia\/gusto-myr\/dia-de-la-madre-valencia-brunch-taller-perfumeria-luna-de-valencia\/\">D\u00eda de la Madre en Valencia: brunch y taller de perfumer\u00eda en Luna de Valencia<\/a><\/h4><\/div><\/div>\n<\/div>\n<div class=\"jet-posts__item\">\n\t<div class=\"jet-posts__inner-box\"><div class=\"post-thumbnail\"><a href=\"https:\/\/myrhotels.com\/guia-turismo-valencia\/gusto-myr\/eventos-rooftops-valencia-hoteles\/\" class=\"post-thumbnail__link\"><img loading=\"lazy\" decoding=\"async\" class=\"post-thumbnail__img wp-post-image\" src=\"https:\/\/myrhotels.com\/guia-turismo-valencia\/wp-content\/uploads\/2026\/04\/evento-rooftop-valencia.webp\" alt=\"Eventos en rooftops: una nueva forma de conectar con el cliente\" loading=\"lazy\" width=\"800\" height=\"1200\"><\/a><\/div><div class=\"jet-posts__inner-content\"><h4 class=\"entry-title\"><a href=\"https:\/\/myrhotels.com\/guia-turismo-valencia\/gusto-myr\/eventos-rooftops-valencia-hoteles\/\">Eventos en rooftops: una nueva forma de conectar con el cliente<\/a><\/h4><\/div><\/div>\n<\/div>\n<\/div>\n<\/div>\t\t<\/div>\n\t\t\t\t<\/div>\n\t\t\t\t<div class=\"elementor-element elementor-element-6dfa687 elementor-widget elementor-widget-spacer\" data-id=\"6dfa687\" data-element_type=\"widget\" data-widget_type=\"spacer.default\">\n\t\t\t\t<div class=\"elementor-widget-container\">\n\t\t\t<style>\/*! elementor - v3.23.0 - 05-08-2024 *\/\n.elementor-column .elementor-spacer-inner{height:var(--spacer-size)}.e-con{--container-widget-width:100%}.e-con-inner>.elementor-widget-spacer,.e-con>.elementor-widget-spacer{width:var(--container-widget-width,var(--spacer-size));--align-self:var(--container-widget-align-self,initial);--flex-shrink:0}.e-con-inner>.elementor-widget-spacer>.elementor-widget-container,.e-con>.elementor-widget-spacer>.elementor-widget-container{height:100%;width:100%}.e-con-inner>.elementor-widget-spacer>.elementor-widget-container>.elementor-spacer,.e-con>.elementor-widget-spacer>.elementor-widget-container>.elementor-spacer{height:100%}.e-con-inner>.elementor-widget-spacer>.elementor-widget-container>.elementor-spacer>.elementor-spacer-inner,.e-con>.elementor-widget-spacer>.elementor-widget-container>.elementor-spacer>.elementor-spacer-inner{height:var(--container-widget-height,var(--spacer-size))}.e-con-inner>.elementor-widget-spacer.elementor-widget-empty,.e-con>.elementor-widget-spacer.elementor-widget-empty{position:relative;min-height:22px;min-width:22px}.e-con-inner>.elementor-widget-spacer.elementor-widget-empty .elementor-widget-empty-icon,.e-con>.elementor-widget-spacer.elementor-widget-empty .elementor-widget-empty-icon{position:absolute;top:0;bottom:0;left:0;right:0;margin:auto;padding:0;width:22px;height:22px}<\/style>\t\t<div class=\"elementor-spacer\">\n\t\t\t<div class=\"elementor-spacer-inner\"><\/div>\n\t\t<\/div>\n\t\t\t\t<\/div>\n\t\t\t\t<\/div>\n\t\t\t\t<div class=\"elementor-element elementor-element-32d5526e elementor-widget elementor-widget-heading\" data-id=\"32d5526e\" data-element_type=\"widget\" data-widget_type=\"heading.default\">\n\t\t\t\t<div class=\"elementor-widget-container\">\n\t\t\t<h3 class=\"elementor-heading-title elementor-size-default\">Tambi\u00e9n te puede interesar<\/h3>\t\t<\/div>\n\t\t\t\t<\/div>\n\t\t\t\t<div class=\"elementor-element elementor-element-26a3a639 elementor-widget elementor-widget-jet-posts\" data-id=\"26a3a639\" data-element_type=\"widget\" data-settings=\"{&quot;columns&quot;:&quot;1&quot;}\" data-widget_type=\"jet-posts.default\">\n\t\t\t\t<div class=\"elementor-widget-container\">\n\t\t\t<div class=\"elementor-jet-posts jet-elements\"><div class=\"jet-carousel elementor-slick-slider\" data-slider_options=\"{&quot;autoplaySpeed&quot;:5000,&quot;autoplay&quot;:true,&quot;infinite&quot;:true,&quot;pauseOnHover&quot;:false,&quot;speed&quot;:500,&quot;arrows&quot;:true,&quot;dots&quot;:false,&quot;slidesToScroll&quot;:1,&quot;prevArrow&quot;:&quot;.jet-posts__prev-arrow-26a3a639&quot;,&quot;nextArrow&quot;:&quot;.jet-posts__next-arrow-26a3a639&quot;,&quot;rtl&quot;:false,&quot;fade&quot;:false}\" dir=\"ltr\"><div class=\"jet-posts col-row \"><div class=\"jet-posts__prev-arrow-26a3a639 jet-arrow prev-arrow\"><i aria-hidden=\"true\" class=\"fas fa-angle-left\"><\/i><\/div><div class=\"jet-posts__next-arrow-26a3a639 jet-arrow next-arrow\"><i aria-hidden=\"true\" class=\"fas fa-angle-right\"><\/i><\/div><div class=\"jet-posts__item\">\n\t<div class=\"jet-posts__inner-box\"><div class=\"post-thumbnail\"><a href=\"https:\/\/myrhotels.com\/guia-turismo-valencia\/gusto-myr\/vivir-valencia-como-un-local-guia-autentica\/\" class=\"post-thumbnail__link\"><img loading=\"lazy\" decoding=\"async\" class=\"post-thumbnail__img wp-post-image\" src=\"https:\/\/myrhotels.com\/guia-turismo-valencia\/wp-content\/uploads\/2026\/04\/1.webp\" alt=\"C\u00f3mo vivir Valencia como un local: gu\u00eda pr\u00e1ctica para una experiencia aut\u00e9ntica\" loading=\"lazy\" width=\"800\" height=\"1200\"><\/a><\/div><div class=\"jet-posts__inner-content\"><h4 class=\"entry-title\"><a href=\"https:\/\/myrhotels.com\/guia-turismo-valencia\/gusto-myr\/vivir-valencia-como-un-local-guia-autentica\/\">C\u00f3mo vivir Valencia como un local: gu\u00eda pr\u00e1ctica para una experiencia aut\u00e9ntica<\/a><\/h4><\/div><\/div>\n<\/div>\n<div class=\"jet-posts__item\">\n\t<div class=\"jet-posts__inner-box\"><div class=\"post-thumbnail\"><a href=\"https:\/\/myrhotels.com\/guia-turismo-valencia\/gusto-myr\/hoteles-boutique-tendencia-turismo-europa-valencia\/\" class=\"post-thumbnail__link\"><img loading=\"lazy\" decoding=\"async\" class=\"post-thumbnail__img wp-post-image\" src=\"https:\/\/myrhotels.com\/guia-turismo-valencia\/wp-content\/uploads\/2026\/04\/MYR_Serranos_GuillemGaray_sep22-313-scaled.webp\" alt=\"Hoteles boutique: la tendencia que est\u00e1 redefiniendo el turismo en Europa\" loading=\"lazy\" width=\"1707\" height=\"2560\"><\/a><\/div><div class=\"jet-posts__inner-content\"><h4 class=\"entry-title\"><a href=\"https:\/\/myrhotels.com\/guia-turismo-valencia\/gusto-myr\/hoteles-boutique-tendencia-turismo-europa-valencia\/\">Hoteles boutique: la tendencia que est\u00e1 redefiniendo el turismo en Europa<\/a><\/h4><\/div><\/div>\n<\/div>\n<div class=\"jet-posts__item\">\n\t<div class=\"jet-posts__inner-box\"><div class=\"post-thumbnail\"><a href=\"https:\/\/myrhotels.com\/guia-turismo-valencia\/entre-bastidores\/turismo-experiencial-lujo-hospitalidad-espana\/\" class=\"post-thumbnail__link\"><img loading=\"lazy\" decoding=\"async\" class=\"post-thumbnail__img wp-post-image\" src=\"https:\/\/myrhotels.com\/guia-turismo-valencia\/wp-content\/uploads\/2026\/03\/POST_VALOR_CM_1.webp\" alt=\"EL TURISMO EXPERIENCIAL: LA NUEVA FRONTERA DE LA HOSPITALIDAD DE LUJO\" loading=\"lazy\" width=\"1080\" height=\"1350\"><\/a><\/div><div class=\"jet-posts__inner-content\"><h4 class=\"entry-title\"><a href=\"https:\/\/myrhotels.com\/guia-turismo-valencia\/entre-bastidores\/turismo-experiencial-lujo-hospitalidad-espana\/\">EL TURISMO EXPERIENCIAL: LA NUEVA FRONTERA DE LA HOSPITALIDAD DE LUJO<\/a><\/h4><\/div><\/div>\n<\/div>\n<div class=\"jet-posts__item\">\n\t<div class=\"jet-posts__inner-box\"><div class=\"post-thumbnail\"><a href=\"https:\/\/myrhotels.com\/guia-turismo-valencia\/entre-bastidores\/sostenibilidad-turistica-el-nuevo-valor-que-impulsara-el-futuro\/\" class=\"post-thumbnail__link\"><img loading=\"lazy\" decoding=\"async\" class=\"post-thumbnail__img wp-post-image\" src=\"https:\/\/myrhotels.com\/guia-turismo-valencia\/wp-content\/uploads\/2026\/02\/presidential-suite-014q0j8kxp.webp\" alt=\"Sostenibilidad Tur\u00edstica: el nuevo valor estrat\u00e9gico que impulsa el futuro de Valencia\" loading=\"lazy\" width=\"1760\" height=\"1173\"><\/a><\/div><div class=\"jet-posts__inner-content\"><h4 class=\"entry-title\"><a href=\"https:\/\/myrhotels.com\/guia-turismo-valencia\/entre-bastidores\/sostenibilidad-turistica-el-nuevo-valor-que-impulsara-el-futuro\/\">Sostenibilidad Tur\u00edstica: el nuevo valor estrat\u00e9gico que impulsa el futuro de Valencia<\/a><\/h4><\/div><\/div>\n<\/div>\n<div class=\"jet-posts__item\">\n\t<div class=\"jet-posts__inner-box\"><div class=\"post-thumbnail\"><a href=\"https:\/\/myrhotels.com\/guia-turismo-valencia\/entre-bastidores\/mice-2026-tendencias-que-redefiniran-los-eventos-corporativos\/\" class=\"post-thumbnail__link\"><img loading=\"lazy\" decoding=\"async\" class=\"post-thumbnail__img wp-post-image\" src=\"https:\/\/myrhotels.com\/guia-turismo-valencia\/wp-content\/uploads\/2026\/02\/1-scaled.jpg\" alt=\"MICE 2026: Tendencias que redefinir\u00e1n los eventos corporativos, con Valencia como protagonista\" loading=\"lazy\" width=\"2560\" height=\"1707\"><\/a><\/div><div class=\"jet-posts__inner-content\"><h4 class=\"entry-title\"><a href=\"https:\/\/myrhotels.com\/guia-turismo-valencia\/entre-bastidores\/mice-2026-tendencias-que-redefiniran-los-eventos-corporativos\/\">MICE 2026: Tendencias que redefinir\u00e1n los eventos corporativos, con Valencia como protagonista<\/a><\/h4><\/div><\/div>\n<\/div>\n<div class=\"jet-posts__item\">\n\t<div class=\"jet-posts__inner-box\"><div class=\"post-thumbnail\"><a href=\"https:\/\/myrhotels.com\/guia-turismo-valencia\/entre-bastidores\/myr-hotels-traveller-review-award-2026-valoracion\/\" class=\"post-thumbnail__link\"><img loading=\"lazy\" decoding=\"async\" class=\"post-thumbnail__img wp-post-image\" src=\"https:\/\/myrhotels.com\/guia-turismo-valencia\/wp-content\/uploads\/2026\/02\/Premio-Booking.jpg\" alt=\"MYR Hotels obtiene el Traveller Review Award 2026: cuando la experiencia se convierte en reconocimiento\" loading=\"lazy\" width=\"1080\" height=\"1350\"><\/a><\/div><div class=\"jet-posts__inner-content\"><h4 class=\"entry-title\"><a href=\"https:\/\/myrhotels.com\/guia-turismo-valencia\/entre-bastidores\/myr-hotels-traveller-review-award-2026-valoracion\/\">MYR Hotels obtiene el Traveller Review Award 2026: cuando la experiencia se convierte en reconocimiento<\/a><\/h4><\/div><\/div>\n<\/div>\n<div class=\"jet-posts__item\">\n\t<div class=\"jet-posts__inner-box\"><div class=\"post-thumbnail\"><a href=\"https:\/\/myrhotels.com\/guia-turismo-valencia\/entre-bastidores\/myr-hotels-decimo-aniversario\/\" class=\"post-thumbnail__link\"><img loading=\"lazy\" decoding=\"async\" class=\"post-thumbnail__img wp-post-image\" src=\"https:\/\/myrhotels.com\/guia-turismo-valencia\/wp-content\/uploads\/2026\/02\/1.png\" alt=\"MYR Hotels celebra su d\u00e9cimo aniversario: diez a\u00f1os de crecimiento, excelencia y visi\u00f3n de futuro.\" loading=\"lazy\" width=\"2240\" height=\"1260\"><\/a><\/div><div class=\"jet-posts__inner-content\"><h4 class=\"entry-title\"><a href=\"https:\/\/myrhotels.com\/guia-turismo-valencia\/entre-bastidores\/myr-hotels-decimo-aniversario\/\">MYR Hotels celebra su d\u00e9cimo aniversario: diez a\u00f1os de crecimiento, excelencia y visi\u00f3n de futuro.<\/a><\/h4><\/div><\/div>\n<\/div>\n<div class=\"jet-posts__item\">\n\t<div class=\"jet-posts__inner-box\"><div class=\"post-thumbnail\"><a href=\"https:\/\/myrhotels.com\/guia-turismo-valencia\/entre-bastidores\/hoteles-mejor-valorados-de-espana\/\" class=\"post-thumbnail__link\"><img loading=\"lazy\" decoding=\"async\" class=\"post-thumbnail__img wp-post-image\" src=\"https:\/\/myrhotels.com\/guia-turismo-valencia\/wp-content\/uploads\/2026\/01\/PalValier_GG_Abr21_0140-scaled.jpg\" alt=\"Hoteles mejor valorados de Espa\u00f1a: Palacio\u00a0Vallier\u00a0lidera\u00a0el ranking\" loading=\"lazy\" width=\"2560\" height=\"1707\"><\/a><\/div><div class=\"jet-posts__inner-content\"><h4 class=\"entry-title\"><a href=\"https:\/\/myrhotels.com\/guia-turismo-valencia\/entre-bastidores\/hoteles-mejor-valorados-de-espana\/\">Hoteles mejor valorados de Espa\u00f1a: Palacio\u00a0Vallier\u00a0lidera\u00a0el ranking<\/a><\/h4><\/div><\/div>\n<\/div>\n<div class=\"jet-posts__item\">\n\t<div class=\"jet-posts__inner-box\"><div class=\"post-thumbnail\"><a href=\"https:\/\/myrhotels.com\/guia-turismo-valencia\/el-secreto-a-descubrir\/tendencias-en-turismo-2026-viajes-experiencias\/\" class=\"post-thumbnail__link\"><img loading=\"lazy\" decoding=\"async\" class=\"post-thumbnail__img wp-post-image\" src=\"https:\/\/myrhotels.com\/guia-turismo-valencia\/wp-content\/uploads\/2025\/11\/2.png\" alt=\"Tendencias en turismo 2026: la nueva era de viajes con prop\u00f3sito\" loading=\"lazy\" width=\"940\" height=\"788\"><\/a><\/div><div class=\"jet-posts__inner-content\"><h4 class=\"entry-title\"><a href=\"https:\/\/myrhotels.com\/guia-turismo-valencia\/el-secreto-a-descubrir\/tendencias-en-turismo-2026-viajes-experiencias\/\">Tendencias en turismo 2026: la nueva era de viajes con prop\u00f3sito<\/a><\/h4><\/div><\/div>\n<\/div>\n<div class=\"jet-posts__item\">\n\t<div class=\"jet-posts__inner-box\"><div class=\"post-thumbnail\"><a href=\"https:\/\/myrhotels.com\/guia-turismo-valencia\/gusto-myr\/la-perfumeria-valencia-menus-otono\/\" class=\"post-thumbnail__link\"><img loading=\"lazy\" decoding=\"async\" class=\"post-thumbnail__img wp-post-image\" src=\"https:\/\/myrhotels.com\/guia-turismo-valencia\/wp-content\/uploads\/2025\/10\/3-1-1.jpg\" alt=\"La Perfumer\u00eda presenta sus nuevos men\u00fas de oto\u00f1o\" loading=\"lazy\" width=\"2048\" height=\"1364\"><\/a><\/div><div class=\"jet-posts__inner-content\"><h4 class=\"entry-title\"><a href=\"https:\/\/myrhotels.com\/guia-turismo-valencia\/gusto-myr\/la-perfumeria-valencia-menus-otono\/\">La Perfumer\u00eda presenta sus nuevos men\u00fas de oto\u00f1o<\/a><\/h4><\/div><\/div>\n<\/div>\n<\/div>\n<\/div><\/div>\t\t<\/div>\n\t\t\t\t<\/div>\n\t\t\t\t\t<\/div>\n\t\t<\/div>\n\t\t\t\t\t<\/div>\n\t\t<\/section>\n\t\t\t\t<section class=\"elementor-section elementor-top-section elementor-element elementor-element-483ab61a elementor-section-boxed elementor-section-height-default elementor-section-height-default\" data-id=\"483ab61a\" data-element_type=\"section\" data-settings=\"{&quot;jet_parallax_layout_list&quot;:[]}\">\n\t\t\t\t\t\t<div class=\"elementor-container elementor-column-gap-default\">\n\t\t\t\t\t<div class=\"elementor-column elementor-col-100 elementor-top-column elementor-element elementor-element-2877e921\" data-id=\"2877e921\" data-element_type=\"column\">\n\t\t\t<div class=\"elementor-widget-wrap elementor-element-populated\">\n\t\t\t\t\t\t<div class=\"elementor-element elementor-element-3adf657b elementor-widget elementor-widget-spacer\" data-id=\"3adf657b\" data-element_type=\"widget\" data-widget_type=\"spacer.default\">\n\t\t\t\t<div class=\"elementor-widget-container\">\n\t\t\t\t\t<div class=\"elementor-spacer\">\n\t\t\t<div class=\"elementor-spacer-inner\"><\/div>\n\t\t<\/div>\n\t\t\t\t<\/div>\n\t\t\t\t<\/div>\n\t\t\t\t<div class=\"elementor-element elementor-element-359c3fe3 elementor-widget elementor-widget-heading\" data-id=\"359c3fe3\" data-element_type=\"widget\" data-widget_type=\"heading.default\">\n\t\t\t\t<div class=\"elementor-widget-container\">\n\t\t\t<h2 class=\"elementor-heading-title elementor-size-default\">NUESTROS RESTAURANTES<\/h2>\t\t<\/div>\n\t\t\t\t<\/div>\n\t\t\t\t\t<\/div>\n\t\t<\/div>\n\t\t\t\t\t<\/div>\n\t\t<\/section>\n\t\t\t\t<section class=\"elementor-section elementor-top-section elementor-element elementor-element-613765f6 listing-equal-height listing-last-to-bottom elementor-section-full_width elementor-section-height-default elementor-section-height-default\" data-id=\"613765f6\" data-element_type=\"section\" data-settings=\"{&quot;background_background&quot;:&quot;classic&quot;,&quot;jet_parallax_layout_list&quot;:[]}\">\n\t\t\t\t\t\t\t<div class=\"elementor-background-overlay\"><\/div>\n\t\t\t\t\t\t\t<div class=\"elementor-container elementor-column-gap-wide\">\n\t\t\t\t\t<div class=\"elementor-column elementor-col-25 elementor-top-column elementor-element elementor-element-5ac45c7d listing-equal-height listing-last-to-bottom\" data-id=\"5ac45c7d\" data-element_type=\"column\" data-settings=\"{&quot;background_background&quot;:&quot;classic&quot;}\">\n\t\t\t<div class=\"elementor-widget-wrap elementor-element-populated\">\n\t\t\t\t\t<div class=\"elementor-background-overlay\"><\/div>\n\t\t\t\t\t\t<div class=\"elementor-element elementor-element-44d63091 elementor-widget elementor-widget-spacer\" data-id=\"44d63091\" data-element_type=\"widget\" data-widget_type=\"spacer.default\">\n\t\t\t\t<div class=\"elementor-widget-container\">\n\t\t\t\t\t<div class=\"elementor-spacer\">\n\t\t\t<div class=\"elementor-spacer-inner\"><\/div>\n\t\t<\/div>\n\t\t\t\t<\/div>\n\t\t\t\t<\/div>\n\t\t\t\t<section class=\"elementor-section elementor-inner-section elementor-element elementor-element-6e03f5fe elementor-section-boxed elementor-section-height-default elementor-section-height-default\" data-id=\"6e03f5fe\" data-element_type=\"section\" data-settings=\"{&quot;jet_parallax_layout_list&quot;:[]}\">\n\t\t\t\t\t\t<div class=\"elementor-container elementor-column-gap-default\">\n\t\t\t\t\t<div class=\"elementor-column elementor-col-100 elementor-inner-column elementor-element elementor-element-394d60b9\" data-id=\"394d60b9\" data-element_type=\"column\">\n\t\t\t<div class=\"elementor-widget-wrap elementor-element-populated\">\n\t\t\t\t\t\t<div class=\"elementor-element elementor-element-3883388e elementor-widget elementor-widget-heading\" data-id=\"3883388e\" data-element_type=\"widget\" data-settings=\"{&quot;_animation&quot;:&quot;none&quot;}\" data-widget_type=\"heading.default\">\n\t\t\t\t<div class=\"elementor-widget-container\">\n\t\t\t<h2 class=\"elementor-heading-title elementor-size-default\"><a href=\"https:\/\/myrhotels.com\/guia-turismo-valencia\/gusto-myr\/la-perfumeria-valencia-menus-otono\/\">HOTEL palacio vallier<\/a><\/h2>\t\t<\/div>\n\t\t\t\t<\/div>\n\t\t\t\t<div class=\"elementor-element elementor-element-6fb8a366 elementor-widget elementor-widget-heading\" data-id=\"6fb8a366\" data-element_type=\"widget\" data-settings=\"{&quot;_animation&quot;:&quot;none&quot;}\" data-widget_type=\"heading.default\">\n\t\t\t\t<div class=\"elementor-widget-container\">\n\t\t\t<h2 class=\"elementor-heading-title elementor-size-default\"><a href=\"https:\/\/myrhotels.com\/guia-turismo-valencia\/gusto-myr\/la-perfumeria-valencia-menus-otono\/\">HOTEL<\/a><\/h2>\t\t<\/div>\n\t\t\t\t<\/div>\n\t\t\t\t<div class=\"elementor-element elementor-element-1eb6597f elementor-widget elementor-widget-heading\" data-id=\"1eb6597f\" data-element_type=\"widget\" data-settings=\"{&quot;_animation&quot;:&quot;none&quot;}\" data-widget_type=\"heading.default\">\n\t\t\t\t<div class=\"elementor-widget-container\">\n\t\t\t<h2 class=\"elementor-heading-title elementor-size-default\"><a href=\"https:\/\/myrhotels.com\/guia-turismo-valencia\/gusto-myr\/la-perfumeria-valencia-menus-otono\/\">\u2605\u2605\u2605\u2605\u2605<\/a><\/h2>\t\t<\/div>\n\t\t\t\t<\/div>\n\t\t\t\t<div class=\"elementor-element elementor-element-22554a3b elementor-align-center elementor-widget elementor-widget-button\" data-id=\"22554a3b\" data-element_type=\"widget\" data-widget_type=\"button.default\">\n\t\t\t\t<div class=\"elementor-widget-container\">\n\t\t\t\t\t<div class=\"elementor-button-wrapper\">\n\t\t\t<a class=\"elementor-button elementor-button-link elementor-size-sm\" href=\"https:\/\/myrhotels.com\/hoteles\/hotel-palacio-vallier\/\" target=\"_blank\">\n\t\t\t\t\t\t<span class=\"elementor-button-content-wrapper\">\n\t\t\t\t\t\t\t\t\t<span class=\"elementor-button-text\">VER M\u00c1S<\/span>\n\t\t\t\t\t<\/span>\n\t\t\t\t\t<\/a>\n\t\t<\/div>\n\t\t\t\t<\/div>\n\t\t\t\t<\/div>\n\t\t\t\t\t<\/div>\n\t\t<\/div>\n\t\t\t\t\t<\/div>\n\t\t<\/section>\n\t\t\t\t\t<\/div>\n\t\t<\/div>\n\t\t\t\t<div class=\"elementor-column elementor-col-25 elementor-top-column elementor-element elementor-element-276ae82e listing-equal-height listing-last-to-bottom\" data-id=\"276ae82e\" data-element_type=\"column\" data-settings=\"{&quot;background_background&quot;:&quot;classic&quot;}\">\n\t\t\t<div class=\"elementor-widget-wrap elementor-element-populated\">\n\t\t\t\t\t<div class=\"elementor-background-overlay\"><\/div>\n\t\t\t\t\t\t<div class=\"elementor-element elementor-element-19efad19 elementor-widget elementor-widget-spacer\" data-id=\"19efad19\" data-element_type=\"widget\" data-widget_type=\"spacer.default\">\n\t\t\t\t<div class=\"elementor-widget-container\">\n\t\t\t\t\t<div class=\"elementor-spacer\">\n\t\t\t<div class=\"elementor-spacer-inner\"><\/div>\n\t\t<\/div>\n\t\t\t\t<\/div>\n\t\t\t\t<\/div>\n\t\t\t\t<section class=\"elementor-section elementor-inner-section elementor-element elementor-element-348db398 elementor-section-boxed elementor-section-height-default elementor-section-height-default\" data-id=\"348db398\" data-element_type=\"section\" data-settings=\"{&quot;jet_parallax_layout_list&quot;:[]}\">\n\t\t\t\t\t\t<div class=\"elementor-container elementor-column-gap-default\">\n\t\t\t\t\t<div class=\"elementor-column elementor-col-100 elementor-inner-column elementor-element elementor-element-5433eb5e\" data-id=\"5433eb5e\" data-element_type=\"column\">\n\t\t\t<div class=\"elementor-widget-wrap elementor-element-populated\">\n\t\t\t\t\t\t<div class=\"elementor-element elementor-element-6f5cfc2b elementor-widget elementor-widget-heading\" data-id=\"6f5cfc2b\" data-element_type=\"widget\" data-settings=\"{&quot;_animation&quot;:&quot;none&quot;}\" data-widget_type=\"heading.default\">\n\t\t\t\t<div class=\"elementor-widget-container\">\n\t\t\t<h2 class=\"elementor-heading-title elementor-size-default\"><a href=\"https:\/\/myrhotels.com\/guia-turismo-valencia\/gusto-myr\/la-perfumeria-valencia-menus-otono\/\">HOTEL Puerta serranos<\/a><\/h2>\t\t<\/div>\n\t\t\t\t<\/div>\n\t\t\t\t<div class=\"elementor-element elementor-element-70110eb5 elementor-widget elementor-widget-heading\" data-id=\"70110eb5\" data-element_type=\"widget\" data-settings=\"{&quot;_animation&quot;:&quot;none&quot;}\" data-widget_type=\"heading.default\">\n\t\t\t\t<div class=\"elementor-widget-container\">\n\t\t\t<h2 class=\"elementor-heading-title elementor-size-default\"><a href=\"https:\/\/myrhotels.com\/guia-turismo-valencia\/gusto-myr\/la-perfumeria-valencia-menus-otono\/\">HOTEL<\/a><\/h2>\t\t<\/div>\n\t\t\t\t<\/div>\n\t\t\t\t<div class=\"elementor-element elementor-element-4e0379ff elementor-widget elementor-widget-heading\" data-id=\"4e0379ff\" data-element_type=\"widget\" data-settings=\"{&quot;_animation&quot;:&quot;none&quot;}\" data-widget_type=\"heading.default\">\n\t\t\t\t<div class=\"elementor-widget-container\">\n\t\t\t<h2 class=\"elementor-heading-title elementor-size-default\"><a href=\"https:\/\/myrhotels.com\/guia-turismo-valencia\/gusto-myr\/la-perfumeria-valencia-menus-otono\/\">\u2605\u2605\u2605\u2605sup<\/a><\/h2>\t\t<\/div>\n\t\t\t\t<\/div>\n\t\t\t\t<div class=\"elementor-element elementor-element-5af7c7c6 elementor-align-center elementor-widget elementor-widget-button\" data-id=\"5af7c7c6\" data-element_type=\"widget\" data-widget_type=\"button.default\">\n\t\t\t\t<div class=\"elementor-widget-container\">\n\t\t\t\t\t<div class=\"elementor-button-wrapper\">\n\t\t\t<a class=\"elementor-button elementor-button-link elementor-size-sm\" href=\"https:\/\/myrhotels.com\/hoteles\/hotel-puerta-serranos\/\" target=\"_blank\">\n\t\t\t\t\t\t<span class=\"elementor-button-content-wrapper\">\n\t\t\t\t\t\t\t\t\t<span class=\"elementor-button-text\">VER M\u00c1S<\/span>\n\t\t\t\t\t<\/span>\n\t\t\t\t\t<\/a>\n\t\t<\/div>\n\t\t\t\t<\/div>\n\t\t\t\t<\/div>\n\t\t\t\t\t<\/div>\n\t\t<\/div>\n\t\t\t\t\t<\/div>\n\t\t<\/section>\n\t\t\t\t\t<\/div>\n\t\t<\/div>\n\t\t\t\t<div class=\"elementor-column elementor-col-25 elementor-top-column elementor-element elementor-element-5a456c68 listing-equal-height listing-last-to-bottom\" data-id=\"5a456c68\" data-element_type=\"column\" data-settings=\"{&quot;background_background&quot;:&quot;classic&quot;}\">\n\t\t\t<div class=\"elementor-widget-wrap elementor-element-populated\">\n\t\t\t\t\t<div class=\"elementor-background-overlay\"><\/div>\n\t\t\t\t\t\t<div class=\"elementor-element elementor-element-46961c03 elementor-widget elementor-widget-spacer\" data-id=\"46961c03\" data-element_type=\"widget\" data-widget_type=\"spacer.default\">\n\t\t\t\t<div class=\"elementor-widget-container\">\n\t\t\t\t\t<div class=\"elementor-spacer\">\n\t\t\t<div class=\"elementor-spacer-inner\"><\/div>\n\t\t<\/div>\n\t\t\t\t<\/div>\n\t\t\t\t<\/div>\n\t\t\t\t<section class=\"elementor-section elementor-inner-section elementor-element elementor-element-1d2d5788 elementor-section-boxed elementor-section-height-default elementor-section-height-default\" data-id=\"1d2d5788\" data-element_type=\"section\" data-settings=\"{&quot;jet_parallax_layout_list&quot;:[]}\">\n\t\t\t\t\t\t<div class=\"elementor-container elementor-column-gap-default\">\n\t\t\t\t\t<div class=\"elementor-column elementor-col-100 elementor-inner-column elementor-element elementor-element-5378e2a6\" data-id=\"5378e2a6\" data-element_type=\"column\">\n\t\t\t<div class=\"elementor-widget-wrap elementor-element-populated\">\n\t\t\t\t\t\t<div class=\"elementor-element elementor-element-4fbee17d elementor-widget elementor-widget-heading\" data-id=\"4fbee17d\" data-element_type=\"widget\" data-settings=\"{&quot;_animation&quot;:&quot;none&quot;}\" data-widget_type=\"heading.default\">\n\t\t\t\t<div class=\"elementor-widget-container\">\n\t\t\t<h2 class=\"elementor-heading-title elementor-size-default\"><a href=\"https:\/\/myrhotels.com\/guia-turismo-valencia\/gusto-myr\/la-perfumeria-valencia-menus-otono\/\">HOTEL marqu\u00e9s house<\/a><\/h2>\t\t<\/div>\n\t\t\t\t<\/div>\n\t\t\t\t<div class=\"elementor-element elementor-element-6a7a9c6c elementor-widget elementor-widget-heading\" data-id=\"6a7a9c6c\" data-element_type=\"widget\" data-settings=\"{&quot;_animation&quot;:&quot;none&quot;}\" data-widget_type=\"heading.default\">\n\t\t\t\t<div class=\"elementor-widget-container\">\n\t\t\t<h2 class=\"elementor-heading-title elementor-size-default\"><a href=\"https:\/\/myrhotels.com\/guia-turismo-valencia\/gusto-myr\/la-perfumeria-valencia-menus-otono\/\">HOTEL<\/a><\/h2>\t\t<\/div>\n\t\t\t\t<\/div>\n\t\t\t\t<div class=\"elementor-element elementor-element-430fc4b6 elementor-widget elementor-widget-heading\" data-id=\"430fc4b6\" data-element_type=\"widget\" data-settings=\"{&quot;_animation&quot;:&quot;none&quot;}\" data-widget_type=\"heading.default\">\n\t\t\t\t<div class=\"elementor-widget-container\">\n\t\t\t<h2 class=\"elementor-heading-title elementor-size-default\"><a href=\"https:\/\/myrhotels.com\/guia-turismo-valencia\/gusto-myr\/la-perfumeria-valencia-menus-otono\/\">\u2605\u2605\u2605\u2605sup<\/a><\/h2>\t\t<\/div>\n\t\t\t\t<\/div>\n\t\t\t\t<div class=\"elementor-element elementor-element-6d99ece0 elementor-align-center elementor-widget elementor-widget-button\" data-id=\"6d99ece0\" data-element_type=\"widget\" data-widget_type=\"button.default\">\n\t\t\t\t<div class=\"elementor-widget-container\">\n\t\t\t\t\t<div class=\"elementor-button-wrapper\">\n\t\t\t<a class=\"elementor-button elementor-button-link elementor-size-sm\" href=\"https:\/\/myrhotels.com\/hoteles\/hotel-marques-house\/\" target=\"_blank\">\n\t\t\t\t\t\t<span class=\"elementor-button-content-wrapper\">\n\t\t\t\t\t\t\t\t\t<span class=\"elementor-button-text\">VER M\u00c1S<\/span>\n\t\t\t\t\t<\/span>\n\t\t\t\t\t<\/a>\n\t\t<\/div>\n\t\t\t\t<\/div>\n\t\t\t\t<\/div>\n\t\t\t\t\t<\/div>\n\t\t<\/div>\n\t\t\t\t\t<\/div>\n\t\t<\/section>\n\t\t\t\t\t<\/div>\n\t\t<\/div>\n\t\t\t\t<div class=\"elementor-column elementor-col-25 elementor-top-column elementor-element elementor-element-bcb970f listing-equal-height listing-last-to-bottom\" data-id=\"bcb970f\" data-element_type=\"column\" data-settings=\"{&quot;background_background&quot;:&quot;classic&quot;}\">\n\t\t\t<div class=\"elementor-widget-wrap elementor-element-populated\">\n\t\t\t\t\t<div class=\"elementor-background-overlay\"><\/div>\n\t\t\t\t\t\t<div class=\"elementor-element elementor-element-4f7b8098 elementor-widget elementor-widget-spacer\" data-id=\"4f7b8098\" data-element_type=\"widget\" data-widget_type=\"spacer.default\">\n\t\t\t\t<div class=\"elementor-widget-container\">\n\t\t\t\t\t<div class=\"elementor-spacer\">\n\t\t\t<div class=\"elementor-spacer-inner\"><\/div>\n\t\t<\/div>\n\t\t\t\t<\/div>\n\t\t\t\t<\/div>\n\t\t\t\t<section class=\"elementor-section elementor-inner-section elementor-element elementor-element-e05947f elementor-section-boxed elementor-section-height-default elementor-section-height-default\" data-id=\"e05947f\" data-element_type=\"section\" data-settings=\"{&quot;jet_parallax_layout_list&quot;:[]}\">\n\t\t\t\t\t\t<div class=\"elementor-container elementor-column-gap-default\">\n\t\t\t\t\t<div class=\"elementor-column elementor-col-100 elementor-inner-column elementor-element elementor-element-73e23bae\" data-id=\"73e23bae\" data-element_type=\"column\">\n\t\t\t<div class=\"elementor-widget-wrap elementor-element-populated\">\n\t\t\t\t\t\t<div class=\"elementor-element elementor-element-6b990664 elementor-widget elementor-widget-heading\" data-id=\"6b990664\" data-element_type=\"widget\" data-settings=\"{&quot;_animation&quot;:&quot;none&quot;}\" data-widget_type=\"heading.default\">\n\t\t\t\t<div class=\"elementor-widget-container\">\n\t\t\t<h2 class=\"elementor-heading-title elementor-size-default\"><a href=\"https:\/\/myrhotels.com\/guia-turismo-valencia\/gusto-myr\/la-perfumeria-valencia-menus-otono\/\">HOTEL & spa plaza mercado<\/a><\/h2>\t\t<\/div>\n\t\t\t\t<\/div>\n\t\t\t\t<div class=\"elementor-element elementor-element-29fabb1b elementor-widget elementor-widget-heading\" data-id=\"29fabb1b\" data-element_type=\"widget\" data-settings=\"{&quot;_animation&quot;:&quot;none&quot;}\" data-widget_type=\"heading.default\">\n\t\t\t\t<div class=\"elementor-widget-container\">\n\t\t\t<h2 class=\"elementor-heading-title elementor-size-default\"><a href=\"https:\/\/myrhotels.com\/guia-turismo-valencia\/gusto-myr\/la-perfumeria-valencia-menus-otono\/\">HOTEL<\/a><\/h2>\t\t<\/div>\n\t\t\t\t<\/div>\n\t\t\t\t<div class=\"elementor-element elementor-element-271f906 elementor-widget elementor-widget-heading\" data-id=\"271f906\" data-element_type=\"widget\" data-settings=\"{&quot;_animation&quot;:&quot;none&quot;}\" data-widget_type=\"heading.default\">\n\t\t\t\t<div class=\"elementor-widget-container\">\n\t\t\t<h2 class=\"elementor-heading-title elementor-size-default\"><a href=\"https:\/\/myrhotels.com\/guia-turismo-valencia\/gusto-myr\/la-perfumeria-valencia-menus-otono\/\">\u2605\u2605\u2605\u2605<\/a><\/h2>\t\t<\/div>\n\t\t\t\t<\/div>\n\t\t\t\t<div class=\"elementor-element elementor-element-6a6676cf elementor-align-center elementor-widget elementor-widget-button\" data-id=\"6a6676cf\" data-element_type=\"widget\" data-widget_type=\"button.default\">\n\t\t\t\t<div class=\"elementor-widget-container\">\n\t\t\t\t\t<div class=\"elementor-button-wrapper\">\n\t\t\t<a class=\"elementor-button elementor-button-link elementor-size-sm\" href=\"https:\/\/myrhotels.com\/hoteles\/hotel-spa-plaza-mercado\/\" target=\"_blank\">\n\t\t\t\t\t\t<span class=\"elementor-button-content-wrapper\">\n\t\t\t\t\t\t\t\t\t<span class=\"elementor-button-text\">VER M\u00c1S<\/span>\n\t\t\t\t\t<\/span>\n\t\t\t\t\t<\/a>\n\t\t<\/div>\n\t\t\t\t<\/div>\n\t\t\t\t<\/div>\n\t\t\t\t\t<\/div>\n\t\t<\/div>\n\t\t\t\t\t<\/div>\n\t\t<\/section>\n\t\t\t\t\t<\/div>\n\t\t<\/div>\n\t\t\t\t\t<\/div>\n\t\t<\/section>\n\t\t\t\t<section class=\"elementor-section elementor-top-section elementor-element elementor-element-6252311 elementor-section-boxed elementor-section-height-default elementor-section-height-default\" data-id=\"6252311\" data-element_type=\"section\" data-settings=\"{&quot;jet_parallax_layout_list&quot;:[]}\">\n\t\t\t\t\t\t<div class=\"elementor-container elementor-column-gap-default\">\n\t\t\t\t\t<div class=\"elementor-column elementor-col-100 elementor-top-column elementor-element elementor-element-549cc3e\" data-id=\"549cc3e\" data-element_type=\"column\">\n\t\t\t<div class=\"elementor-widget-wrap elementor-element-populated\">\n\t\t\t\t\t\t<div class=\"elementor-element elementor-element-4215835b elementor-widget elementor-widget-heading\" data-id=\"4215835b\" data-element_type=\"widget\" data-widget_type=\"heading.default\">\n\t\t\t\t<div class=\"elementor-widget-container\">\n\t\t\t<h2 class=\"elementor-heading-title elementor-size-default\">NUESTROS HOTELES<\/h2>\t\t<\/div>\n\t\t\t\t<\/div>\n\t\t\t\t\t<\/div>\n\t\t<\/div>\n\t\t\t\t\t<\/div>\n\t\t<\/section>\n\t\t\t\t<section class=\"elementor-section elementor-top-section elementor-element elementor-element-57300318 listing-equal-height listing-last-to-bottom elementor-section-full_width elementor-section-height-default elementor-section-height-default\" data-id=\"57300318\" data-element_type=\"section\" data-settings=\"{&quot;background_background&quot;:&quot;classic&quot;,&quot;jet_parallax_layout_list&quot;:[]}\">\n\t\t\t\t\t\t\t<div class=\"elementor-background-overlay\"><\/div>\n\t\t\t\t\t\t\t<div class=\"elementor-container elementor-column-gap-wide\">\n\t\t\t\t\t<div class=\"elementor-column elementor-col-25 elementor-top-column elementor-element elementor-element-645fd53b listing-equal-height listing-last-to-bottom\" data-id=\"645fd53b\" data-element_type=\"column\" data-settings=\"{&quot;background_background&quot;:&quot;classic&quot;}\">\n\t\t\t<div class=\"elementor-widget-wrap elementor-element-populated\">\n\t\t\t\t\t<div class=\"elementor-background-overlay\"><\/div>\n\t\t\t\t\t\t<div class=\"elementor-element elementor-element-383933b0 elementor-widget elementor-widget-spacer\" data-id=\"383933b0\" data-element_type=\"widget\" data-widget_type=\"spacer.default\">\n\t\t\t\t<div class=\"elementor-widget-container\">\n\t\t\t\t\t<div class=\"elementor-spacer\">\n\t\t\t<div class=\"elementor-spacer-inner\"><\/div>\n\t\t<\/div>\n\t\t\t\t<\/div>\n\t\t\t\t<\/div>\n\t\t\t\t<section class=\"elementor-section elementor-inner-section elementor-element elementor-element-3f89cb1b elementor-section-boxed elementor-section-height-default elementor-section-height-default\" data-id=\"3f89cb1b\" data-element_type=\"section\" data-settings=\"{&quot;jet_parallax_layout_list&quot;:[]}\">\n\t\t\t\t\t\t<div class=\"elementor-container elementor-column-gap-default\">\n\t\t\t\t\t<div class=\"elementor-column elementor-col-100 elementor-inner-column elementor-element elementor-element-688773d\" data-id=\"688773d\" data-element_type=\"column\">\n\t\t\t<div class=\"elementor-widget-wrap elementor-element-populated\">\n\t\t\t\t\t\t<div class=\"elementor-element elementor-element-60d0ea7 elementor-widget elementor-widget-heading\" data-id=\"60d0ea7\" data-element_type=\"widget\" data-settings=\"{&quot;_animation&quot;:&quot;none&quot;}\" data-widget_type=\"heading.default\">\n\t\t\t\t<div class=\"elementor-widget-container\">\n\t\t\t<h2 class=\"elementor-heading-title elementor-size-default\"><a href=\"https:\/\/myrhotels.com\/restauracion\/lladro-lounge-bar\/\">Lladr\u00f3 Lounge Bar<\/a><\/h2>\t\t<\/div>\n\t\t\t\t<\/div>\n\t\t\t\t<div class=\"elementor-element elementor-element-23bb21bd elementor-widget elementor-widget-heading\" data-id=\"23bb21bd\" data-element_type=\"widget\" data-settings=\"{&quot;_animation&quot;:&quot;none&quot;}\" data-widget_type=\"heading.default\">\n\t\t\t\t<div class=\"elementor-widget-container\">\n\t\t\t<h2 class=\"elementor-heading-title elementor-size-default\"><a href=\"https:\/\/myrhotels.com\/restauracion\/lladro-lounge-bar\/\">Cocteler\u00eda<\/a><\/h2>\t\t<\/div>\n\t\t\t\t<\/div>\n\t\t\t\t<div class=\"elementor-element elementor-element-16056655 elementor-align-center elementor-widget elementor-widget-button\" data-id=\"16056655\" data-element_type=\"widget\" data-widget_type=\"button.default\">\n\t\t\t\t<div class=\"elementor-widget-container\">\n\t\t\t\t\t<div class=\"elementor-button-wrapper\">\n\t\t\t<a class=\"elementor-button elementor-button-link elementor-size-sm\" href=\"https:\/\/myrhotels.com\/restauracion\/lladro-lounge-bar\/\" target=\"_blank\">\n\t\t\t\t\t\t<span class=\"elementor-button-content-wrapper\">\n\t\t\t\t\t\t\t\t\t<span class=\"elementor-button-text\">VER M\u00c1S<\/span>\n\t\t\t\t\t<\/span>\n\t\t\t\t\t<\/a>\n\t\t<\/div>\n\t\t\t\t<\/div>\n\t\t\t\t<\/div>\n\t\t\t\t\t<\/div>\n\t\t<\/div>\n\t\t\t\t\t<\/div>\n\t\t<\/section>\n\t\t\t\t\t<\/div>\n\t\t<\/div>\n\t\t\t\t<div class=\"elementor-column elementor-col-25 elementor-top-column elementor-element elementor-element-45cfcdf2 listing-equal-height listing-last-to-bottom\" data-id=\"45cfcdf2\" data-element_type=\"column\" data-settings=\"{&quot;background_background&quot;:&quot;classic&quot;}\">\n\t\t\t<div class=\"elementor-widget-wrap elementor-element-populated\">\n\t\t\t\t\t<div class=\"elementor-background-overlay\"><\/div>\n\t\t\t\t\t\t<div class=\"elementor-element elementor-element-4ebaa410 elementor-widget elementor-widget-spacer\" data-id=\"4ebaa410\" data-element_type=\"widget\" data-widget_type=\"spacer.default\">\n\t\t\t\t<div class=\"elementor-widget-container\">\n\t\t\t\t\t<div class=\"elementor-spacer\">\n\t\t\t<div class=\"elementor-spacer-inner\"><\/div>\n\t\t<\/div>\n\t\t\t\t<\/div>\n\t\t\t\t<\/div>\n\t\t\t\t<section class=\"elementor-section elementor-inner-section elementor-element elementor-element-3cb9925 elementor-section-boxed elementor-section-height-default elementor-section-height-default\" data-id=\"3cb9925\" data-element_type=\"section\" data-settings=\"{&quot;jet_parallax_layout_list&quot;:[]}\">\n\t\t\t\t\t\t<div class=\"elementor-container elementor-column-gap-default\">\n\t\t\t\t\t<div class=\"elementor-column elementor-col-100 elementor-inner-column elementor-element elementor-element-2baf42b4\" data-id=\"2baf42b4\" data-element_type=\"column\">\n\t\t\t<div class=\"elementor-widget-wrap elementor-element-populated\">\n\t\t\t\t\t\t<div class=\"elementor-element elementor-element-2f48bbbe elementor-widget elementor-widget-heading\" data-id=\"2f48bbbe\" data-element_type=\"widget\" data-settings=\"{&quot;_animation&quot;:&quot;none&quot;}\" data-widget_type=\"heading.default\">\n\t\t\t\t<div class=\"elementor-widget-container\">\n\t\t\t<h2 class=\"elementor-heading-title elementor-size-default\"><a href=\"https:\/\/myrhotels.com\/restauracion\/cafe-madrid\/\">Caf\u00e9 Madrid Valencia<\/a><\/h2>\t\t<\/div>\n\t\t\t\t<\/div>\n\t\t\t\t<div class=\"elementor-element elementor-element-4d7e6377 elementor-widget elementor-widget-heading\" data-id=\"4d7e6377\" data-element_type=\"widget\" data-settings=\"{&quot;_animation&quot;:&quot;none&quot;}\" data-widget_type=\"heading.default\">\n\t\t\t\t<div class=\"elementor-widget-container\">\n\t\t\t<h2 class=\"elementor-heading-title elementor-size-default\"><a href=\"https:\/\/myrhotels.com\/restauracion\/cafe-madrid\/\">Cocteler\u00eda<\/a><\/h2>\t\t<\/div>\n\t\t\t\t<\/div>\n\t\t\t\t<div class=\"elementor-element elementor-element-1a5353e6 elementor-align-center elementor-widget elementor-widget-button\" data-id=\"1a5353e6\" data-element_type=\"widget\" data-widget_type=\"button.default\">\n\t\t\t\t<div class=\"elementor-widget-container\">\n\t\t\t\t\t<div class=\"elementor-button-wrapper\">\n\t\t\t<a class=\"elementor-button elementor-button-link elementor-size-sm\" href=\"https:\/\/myrhotels.com\/restauracion\/cafe-madrid\/\" target=\"_blank\">\n\t\t\t\t\t\t<span class=\"elementor-button-content-wrapper\">\n\t\t\t\t\t\t\t\t\t<span class=\"elementor-button-text\">VER M\u00c1S<\/span>\n\t\t\t\t\t<\/span>\n\t\t\t\t\t<\/a>\n\t\t<\/div>\n\t\t\t\t<\/div>\n\t\t\t\t<\/div>\n\t\t\t\t\t<\/div>\n\t\t<\/div>\n\t\t\t\t\t<\/div>\n\t\t<\/section>\n\t\t\t\t\t<\/div>\n\t\t<\/div>\n\t\t\t\t<div class=\"elementor-column elementor-col-25 elementor-top-column elementor-element elementor-element-2366fc95 listing-equal-height listing-last-to-bottom\" data-id=\"2366fc95\" data-element_type=\"column\" data-settings=\"{&quot;background_background&quot;:&quot;classic&quot;}\">\n\t\t\t<div class=\"elementor-widget-wrap elementor-element-populated\">\n\t\t\t\t\t<div class=\"elementor-background-overlay\"><\/div>\n\t\t\t\t\t\t<div class=\"elementor-element elementor-element-59b726a elementor-widget elementor-widget-spacer\" data-id=\"59b726a\" data-element_type=\"widget\" data-widget_type=\"spacer.default\">\n\t\t\t\t<div class=\"elementor-widget-container\">\n\t\t\t\t\t<div class=\"elementor-spacer\">\n\t\t\t<div class=\"elementor-spacer-inner\"><\/div>\n\t\t<\/div>\n\t\t\t\t<\/div>\n\t\t\t\t<\/div>\n\t\t\t\t<section class=\"elementor-section elementor-inner-section elementor-element elementor-element-201b455a elementor-section-boxed elementor-section-height-default elementor-section-height-default\" data-id=\"201b455a\" data-element_type=\"section\" data-settings=\"{&quot;jet_parallax_layout_list&quot;:[]}\">\n\t\t\t\t\t\t<div class=\"elementor-container elementor-column-gap-default\">\n\t\t\t\t\t<div class=\"elementor-column elementor-col-100 elementor-inner-column elementor-element elementor-element-2a25b1f9\" data-id=\"2a25b1f9\" data-element_type=\"column\">\n\t\t\t<div class=\"elementor-widget-wrap elementor-element-populated\">\n\t\t\t\t\t\t<div class=\"elementor-element elementor-element-58515ba7 elementor-widget elementor-widget-heading\" data-id=\"58515ba7\" data-element_type=\"widget\" data-settings=\"{&quot;_animation&quot;:&quot;none&quot;}\" data-widget_type=\"heading.default\">\n\t\t\t\t<div class=\"elementor-widget-container\">\n\t\t\t<h2 class=\"elementor-heading-title elementor-size-default\"><a href=\"https:\/\/myrhotels.com\/restauracion\/restaurante-la-perfumeria-valencia\/\">Restaurante La Perfumer\u00eda<\/a><\/h2>\t\t<\/div>\n\t\t\t\t<\/div>\n\t\t\t\t<div class=\"elementor-element elementor-element-34fa234a elementor-widget elementor-widget-heading\" data-id=\"34fa234a\" data-element_type=\"widget\" data-settings=\"{&quot;_animation&quot;:&quot;none&quot;}\" data-widget_type=\"heading.default\">\n\t\t\t\t<div class=\"elementor-widget-container\">\n\t\t\t<h2 class=\"elementor-heading-title elementor-size-default\"><a href=\"https:\/\/myrhotels.com\/restauracion\/restaurante-la-perfumeria-valencia\/\">Restaurante<\/a><\/h2>\t\t<\/div>\n\t\t\t\t<\/div>\n\t\t\t\t<div class=\"elementor-element elementor-element-60787dc0 elementor-align-center elementor-widget elementor-widget-button\" data-id=\"60787dc0\" data-element_type=\"widget\" data-widget_type=\"button.default\">\n\t\t\t\t<div class=\"elementor-widget-container\">\n\t\t\t\t\t<div class=\"elementor-button-wrapper\">\n\t\t\t<a class=\"elementor-button elementor-button-link elementor-size-sm\" href=\"https:\/\/myrhotels.com\/restauracion\/restaurante-la-perfumeria-valencia\/\" target=\"_blank\">\n\t\t\t\t\t\t<span class=\"elementor-button-content-wrapper\">\n\t\t\t\t\t\t\t\t\t<span class=\"elementor-button-text\">VER M\u00c1S<\/span>\n\t\t\t\t\t<\/span>\n\t\t\t\t\t<\/a>\n\t\t<\/div>\n\t\t\t\t<\/div>\n\t\t\t\t<\/div>\n\t\t\t\t\t<\/div>\n\t\t<\/div>\n\t\t\t\t\t<\/div>\n\t\t<\/section>\n\t\t\t\t\t<\/div>\n\t\t<\/div>\n\t\t\t\t<div class=\"elementor-column elementor-col-25 elementor-top-column elementor-element elementor-element-1163ef8 listing-equal-height listing-last-to-bottom\" data-id=\"1163ef8\" data-element_type=\"column\" data-settings=\"{&quot;background_background&quot;:&quot;classic&quot;}\">\n\t\t\t<div class=\"elementor-widget-wrap elementor-element-populated\">\n\t\t\t\t\t<div class=\"elementor-background-overlay\"><\/div>\n\t\t\t\t\t\t<div class=\"elementor-element elementor-element-256e071b elementor-widget elementor-widget-spacer\" data-id=\"256e071b\" data-element_type=\"widget\" data-widget_type=\"spacer.default\">\n\t\t\t\t<div class=\"elementor-widget-container\">\n\t\t\t\t\t<div class=\"elementor-spacer\">\n\t\t\t<div class=\"elementor-spacer-inner\"><\/div>\n\t\t<\/div>\n\t\t\t\t<\/div>\n\t\t\t\t<\/div>\n\t\t\t\t<section class=\"elementor-section elementor-inner-section elementor-element elementor-element-3bc35a78 elementor-section-boxed elementor-section-height-default elementor-section-height-default\" data-id=\"3bc35a78\" data-element_type=\"section\" data-settings=\"{&quot;jet_parallax_layout_list&quot;:[]}\">\n\t\t\t\t\t\t<div class=\"elementor-container elementor-column-gap-default\">\n\t\t\t\t\t<div class=\"elementor-column elementor-col-100 elementor-inner-column elementor-element elementor-element-6f1f38ad\" data-id=\"6f1f38ad\" data-element_type=\"column\">\n\t\t\t<div class=\"elementor-widget-wrap elementor-element-populated\">\n\t\t\t\t\t\t<div class=\"elementor-element elementor-element-8cb5526 elementor-widget elementor-widget-heading\" data-id=\"8cb5526\" data-element_type=\"widget\" data-settings=\"{&quot;_animation&quot;:&quot;none&quot;}\" data-widget_type=\"heading.default\">\n\t\t\t\t<div class=\"elementor-widget-container\">\n\t\t\t<h2 class=\"elementor-heading-title elementor-size-default\"><a href=\"https:\/\/myrhotels.com\/restauracion\/el-rincon-de-mercado\/\">Rinc\u00f3n del mercado<\/a><\/h2>\t\t<\/div>\n\t\t\t\t<\/div>\n\t\t\t\t<div class=\"elementor-element elementor-element-1651489c elementor-widget elementor-widget-heading\" data-id=\"1651489c\" data-element_type=\"widget\" data-settings=\"{&quot;_animation&quot;:&quot;none&quot;}\" data-widget_type=\"heading.default\">\n\t\t\t\t<div class=\"elementor-widget-container\">\n\t\t\t<h2 class=\"elementor-heading-title elementor-size-default\"><a href=\"https:\/\/myrhotels.com\/restauracion\/el-rincon-de-mercado\/\">Restaurante<\/a><\/h2>\t\t<\/div>\n\t\t\t\t<\/div>\n\t\t\t\t<div class=\"elementor-element elementor-element-46789eef elementor-align-center elementor-widget elementor-widget-button\" data-id=\"46789eef\" data-element_type=\"widget\" data-widget_type=\"button.default\">\n\t\t\t\t<div class=\"elementor-widget-container\">\n\t\t\t\t\t<div class=\"elementor-button-wrapper\">\n\t\t\t<a class=\"elementor-button elementor-button-link elementor-size-sm\" href=\"https:\/\/myrhotels.com\/restauracion\/el-rincon-de-mercado\/\" target=\"_blank\">\n\t\t\t\t\t\t<span class=\"elementor-button-content-wrapper\">\n\t\t\t\t\t\t\t\t\t<span class=\"elementor-button-text\">VER M\u00c1S<\/span>\n\t\t\t\t\t<\/span>\n\t\t\t\t\t<\/a>\n\t\t<\/div>\n\t\t\t\t<\/div>\n\t\t\t\t<\/div>\n\t\t\t\t\t<\/div>\n\t\t<\/div>\n\t\t\t\t\t<\/div>\n\t\t<\/section>\n\t\t\t\t\t<\/div>\n\t\t<\/div>\n\t\t\t\t\t<\/div>\n\t\t<\/section>\n\t\t\t\t<section class=\"elementor-section elementor-top-section elementor-element elementor-element-58a0b196 elementor-section-boxed elementor-section-height-default elementor-section-height-default\" data-id=\"58a0b196\" data-element_type=\"section\" data-settings=\"{&quot;jet_parallax_layout_list&quot;:[]}\">\n\t\t\t\t\t\t<div class=\"elementor-container elementor-column-gap-default\">\n\t\t\t\t\t<div class=\"elementor-column elementor-col-100 elementor-top-column elementor-element elementor-element-55f44bc\" data-id=\"55f44bc\" data-element_type=\"column\">\n\t\t\t<div class=\"elementor-widget-wrap elementor-element-populated\">\n\t\t\t\t\t\t\t<\/div>\n\t\t<\/div>\n\t\t\t\t\t<\/div>\n\t\t<\/section>\n\t\t\t\t<\/div>\n\t\t","protected":false},"excerpt":{"rendered":"<p>Qu\u00e9 ver Qu\u00e9 hacer Preparativos MYR Hotels celebra las Fallas con gastronom\u00eda, cocteler\u00eda de autor y una programaci\u00f3n que honra el esp\u00edritu valenciano Las Fallas transforman Valencia cada mes de marzo: la ciudad se llena de luz, p\u00f3lvora, m\u00fasica y emoci\u00f3n. En este contexto, MYR Hotels vuelve a sumarse a la celebraci\u00f3n con una propuesta [&hellip;]<\/p>\n","protected":false},"author":2,"featured_media":3807,"comment_status":"closed","ping_status":"closed","sticky":false,"template":"","format":"standard","meta":{"footnotes":""},"categories":[9,86,85,5],"tags":[106,107,103,99],"class_list":["post-3806","post","type-post","status-publish","format-standard","has-post-thumbnail","hentry","category-restaurantes","category-el-secreto-a-descubrir","category-gusto-myr","category-que-hacer-en-valencia","tag-fallas","tag-gastronomia-2","tag-myr","tag-turismo"],"yoast_head":"<!-- This site is optimized with the Yoast SEO plugin v22.1 - https:\/\/yoast.com\/wordpress\/plugins\/seo\/ -->\n<title>MYR Hotels celebra las Fallas con gastronom\u00eda<\/title>\n<meta name=\"description\" content=\"MYR Hotels celebra las Fallas con una propuesta de gastronom\u00eda, cocteler\u00eda de autor y una programaci\u00f3n para homenajear Valencia.\" \/>\n<meta name=\"robots\" content=\"index, follow, max-snippet:-1, max-image-preview:large, max-video-preview:-1\" \/>\n<link rel=\"canonical\" href=\"https:\/\/myrhotels.com\/guia-turismo-valencia\/gusto-myr\/myr-hotels-celebra-fallas-gastronomia-cocteleria-programacion-valenciana\/\" \/>\n<meta property=\"og:locale\" content=\"es_ES\" \/>\n<meta property=\"og:type\" content=\"article\" \/>\n<meta property=\"og:title\" content=\"MYR Hotels celebra las Fallas con gastronom\u00eda\" \/>\n<meta property=\"og:description\" content=\"MYR Hotels celebra las Fallas con una propuesta de gastronom\u00eda, cocteler\u00eda de autor y una programaci\u00f3n para homenajear Valencia.\" \/>\n<meta property=\"og:url\" content=\"https:\/\/myrhotels.com\/guia-turismo-valencia\/gusto-myr\/myr-hotels-celebra-fallas-gastronomia-cocteleria-programacion-valenciana\/\" \/>\n<meta property=\"og:site_name\" content=\"MYR Hotels\" \/>\n<meta property=\"article:published_time\" content=\"2026-03-12T12:06:05+00:00\" \/>\n<meta property=\"article:modified_time\" content=\"2026-03-12T12:06:07+00:00\" \/>\n<meta property=\"og:image\" content=\"https:\/\/myrhotels.com\/guia-turismo-valencia\/wp-content\/uploads\/2026\/03\/MYR_Serranos_GG_jul21_0075-scaled.webp\" \/>\n\t<meta property=\"og:image:width\" content=\"1707\" \/>\n\t<meta property=\"og:image:height\" content=\"2560\" \/>\n\t<meta property=\"og:image:type\" content=\"image\/webp\" \/>\n<meta name=\"author\" content=\"myrhotels\" \/>\n<meta name=\"twitter:card\" content=\"summary_large_image\" \/>\n<meta name=\"twitter:label1\" content=\"Escrito por\" \/>\n\t<meta name=\"twitter:data1\" content=\"myrhotels\" \/>\n\t<meta name=\"twitter:label2\" content=\"Tiempo de lectura\" \/>\n\t<meta name=\"twitter:data2\" content=\"7 minutos\" \/>\n<script type=\"application\/ld+json\" class=\"yoast-schema-graph\">{\"@context\":\"https:\/\/schema.org\",\"@graph\":[{\"@type\":\"Article\",\"@id\":\"https:\/\/myrhotels.com\/guia-turismo-valencia\/gusto-myr\/myr-hotels-celebra-fallas-gastronomia-cocteleria-programacion-valenciana\/#article\",\"isPartOf\":{\"@id\":\"https:\/\/myrhotels.com\/guia-turismo-valencia\/gusto-myr\/myr-hotels-celebra-fallas-gastronomia-cocteleria-programacion-valenciana\/\"},\"author\":{\"name\":\"myrhotels\",\"@id\":\"https:\/\/myrhotels.com\/guia-turismo-valencia\/#\/schema\/person\/6dec45971c8aaa1698eef934ec2d56ea\"},\"headline\":\"MYR Hotels celebra las Fallas con gastronom\u00eda, cocteler\u00eda de autor y una programaci\u00f3n que honra el esp\u00edritu valenciano\",\"datePublished\":\"2026-03-12T12:06:05+00:00\",\"dateModified\":\"2026-03-12T12:06:07+00:00\",\"mainEntityOfPage\":{\"@id\":\"https:\/\/myrhotels.com\/guia-turismo-valencia\/gusto-myr\/myr-hotels-celebra-fallas-gastronomia-cocteleria-programacion-valenciana\/\"},\"wordCount\":811,\"publisher\":{\"@id\":\"https:\/\/myrhotels.com\/guia-turismo-valencia\/#organization\"},\"keywords\":[\"Fallas\",\"Gastronom\u00eda\",\"MYR\",\"turismo\"],\"articleSection\":[\"D\u00f3nde comer y cenar\",\"El secreto a descubrir\",\"Gusto MYR\",\"Qu\u00e9 hacer\"],\"inLanguage\":\"es\"},{\"@type\":\"WebPage\",\"@id\":\"https:\/\/myrhotels.com\/guia-turismo-valencia\/gusto-myr\/myr-hotels-celebra-fallas-gastronomia-cocteleria-programacion-valenciana\/\",\"url\":\"https:\/\/myrhotels.com\/guia-turismo-valencia\/gusto-myr\/myr-hotels-celebra-fallas-gastronomia-cocteleria-programacion-valenciana\/\",\"name\":\"MYR Hotels celebra las Fallas con gastronom\u00eda\",\"isPartOf\":{\"@id\":\"https:\/\/myrhotels.com\/guia-turismo-valencia\/#website\"},\"datePublished\":\"2026-03-12T12:06:05+00:00\",\"dateModified\":\"2026-03-12T12:06:07+00:00\",\"description\":\"MYR Hotels celebra las Fallas con una propuesta de gastronom\u00eda, cocteler\u00eda de autor y una programaci\u00f3n para homenajear Valencia.\",\"breadcrumb\":{\"@id\":\"https:\/\/myrhotels.com\/guia-turismo-valencia\/gusto-myr\/myr-hotels-celebra-fallas-gastronomia-cocteleria-programacion-valenciana\/#breadcrumb\"},\"inLanguage\":\"es\",\"potentialAction\":[{\"@type\":\"ReadAction\",\"target\":[\"https:\/\/myrhotels.com\/guia-turismo-valencia\/gusto-myr\/myr-hotels-celebra-fallas-gastronomia-cocteleria-programacion-valenciana\/\"]}]},{\"@type\":\"BreadcrumbList\",\"@id\":\"https:\/\/myrhotels.com\/guia-turismo-valencia\/gusto-myr\/myr-hotels-celebra-fallas-gastronomia-cocteleria-programacion-valenciana\/#breadcrumb\",\"itemListElement\":[{\"@type\":\"ListItem\",\"position\":1,\"name\":\"Portada\",\"item\":\"https:\/\/myrhotels.com\/guia-turismo-valencia\/\"},{\"@type\":\"ListItem\",\"position\":2,\"name\":\"MYR Hotels celebra las Fallas con gastronom\u00eda, cocteler\u00eda de autor y una programaci\u00f3n que honra el esp\u00edritu valenciano\"}]},{\"@type\":\"WebSite\",\"@id\":\"https:\/\/myrhotels.com\/guia-turismo-valencia\/#website\",\"url\":\"https:\/\/myrhotels.com\/guia-turismo-valencia\/\",\"name\":\"MYR Hotels\",\"description\":\"Gu\u00eda Turismo\",\"publisher\":{\"@id\":\"https:\/\/myrhotels.com\/guia-turismo-valencia\/#organization\"},\"potentialAction\":[{\"@type\":\"SearchAction\",\"target\":{\"@type\":\"EntryPoint\",\"urlTemplate\":\"https:\/\/myrhotels.com\/guia-turismo-valencia\/?s={search_term_string}\"},\"query-input\":\"required name=search_term_string\"}],\"inLanguage\":\"es\"},{\"@type\":\"Organization\",\"@id\":\"https:\/\/myrhotels.com\/guia-turismo-valencia\/#organization\",\"name\":\"MYR Hotels\",\"url\":\"https:\/\/myrhotels.com\/guia-turismo-valencia\/\",\"logo\":{\"@type\":\"ImageObject\",\"inLanguage\":\"es\",\"@id\":\"https:\/\/myrhotels.com\/guia-turismo-valencia\/#\/schema\/logo\/image\/\",\"url\":\"https:\/\/myrhotels.com\/guia-turismo-valencia\/wp-content\/uploads\/2022\/07\/Logo_MYR-01.png\",\"contentUrl\":\"https:\/\/myrhotels.com\/guia-turismo-valencia\/wp-content\/uploads\/2022\/07\/Logo_MYR-01.png\",\"width\":972,\"height\":534,\"caption\":\"MYR Hotels\"},\"image\":{\"@id\":\"https:\/\/myrhotels.com\/guia-turismo-valencia\/#\/schema\/logo\/image\/\"}},{\"@type\":\"Person\",\"@id\":\"https:\/\/myrhotels.com\/guia-turismo-valencia\/#\/schema\/person\/6dec45971c8aaa1698eef934ec2d56ea\",\"name\":\"myrhotels\",\"image\":{\"@type\":\"ImageObject\",\"inLanguage\":\"es\",\"@id\":\"https:\/\/myrhotels.com\/guia-turismo-valencia\/#\/schema\/person\/image\/\",\"url\":\"https:\/\/secure.gravatar.com\/avatar\/90c743796ade8e7d8a96abdf18ad9594d1131d330a09f8a683df5818d6d236e3?s=96&d=mm&r=g\",\"contentUrl\":\"https:\/\/secure.gravatar.com\/avatar\/90c743796ade8e7d8a96abdf18ad9594d1131d330a09f8a683df5818d6d236e3?s=96&d=mm&r=g\",\"caption\":\"myrhotels\"},\"url\":\"https:\/\/myrhotels.com\/guia-turismo-valencia\/author\/myrhotels\/\"}]}<\/script>\n<!-- \/ Yoast SEO plugin. -->","yoast_head_json":{"title":"MYR Hotels celebra las Fallas con gastronom\u00eda","description":"MYR Hotels celebra las Fallas con una propuesta de gastronom\u00eda, cocteler\u00eda de autor y una programaci\u00f3n para homenajear Valencia.","robots":{"index":"index","follow":"follow","max-snippet":"max-snippet:-1","max-image-preview":"max-image-preview:large","max-video-preview":"max-video-preview:-1"},"canonical":"https:\/\/myrhotels.com\/guia-turismo-valencia\/gusto-myr\/myr-hotels-celebra-fallas-gastronomia-cocteleria-programacion-valenciana\/","og_locale":"es_ES","og_type":"article","og_title":"MYR Hotels celebra las Fallas con gastronom\u00eda","og_description":"MYR Hotels celebra las Fallas con una propuesta de gastronom\u00eda, cocteler\u00eda de autor y una programaci\u00f3n para homenajear Valencia.","og_url":"https:\/\/myrhotels.com\/guia-turismo-valencia\/gusto-myr\/myr-hotels-celebra-fallas-gastronomia-cocteleria-programacion-valenciana\/","og_site_name":"MYR Hotels","article_published_time":"2026-03-12T12:06:05+00:00","article_modified_time":"2026-03-12T12:06:07+00:00","og_image":[{"width":1707,"height":2560,"url":"https:\/\/myrhotels.com\/guia-turismo-valencia\/wp-content\/uploads\/2026\/03\/MYR_Serranos_GG_jul21_0075-scaled.webp","type":"image\/webp"}],"author":"myrhotels","twitter_card":"summary_large_image","twitter_misc":{"Escrito por":"myrhotels","Tiempo de lectura":"7 minutos"},"schema":{"@context":"https:\/\/schema.org","@graph":[{"@type":"Article","@id":"https:\/\/myrhotels.com\/guia-turismo-valencia\/gusto-myr\/myr-hotels-celebra-fallas-gastronomia-cocteleria-programacion-valenciana\/#article","isPartOf":{"@id":"https:\/\/myrhotels.com\/guia-turismo-valencia\/gusto-myr\/myr-hotels-celebra-fallas-gastronomia-cocteleria-programacion-valenciana\/"},"author":{"name":"myrhotels","@id":"https:\/\/myrhotels.com\/guia-turismo-valencia\/#\/schema\/person\/6dec45971c8aaa1698eef934ec2d56ea"},"headline":"MYR Hotels celebra las Fallas con gastronom\u00eda, cocteler\u00eda de autor y una programaci\u00f3n que honra el esp\u00edritu valenciano","datePublished":"2026-03-12T12:06:05+00:00","dateModified":"2026-03-12T12:06:07+00:00","mainEntityOfPage":{"@id":"https:\/\/myrhotels.com\/guia-turismo-valencia\/gusto-myr\/myr-hotels-celebra-fallas-gastronomia-cocteleria-programacion-valenciana\/"},"wordCount":811,"publisher":{"@id":"https:\/\/myrhotels.com\/guia-turismo-valencia\/#organization"},"keywords":["Fallas","Gastronom\u00eda","MYR","turismo"],"articleSection":["D\u00f3nde comer y cenar","El secreto a descubrir","Gusto MYR","Qu\u00e9 hacer"],"inLanguage":"es"},{"@type":"WebPage","@id":"https:\/\/myrhotels.com\/guia-turismo-valencia\/gusto-myr\/myr-hotels-celebra-fallas-gastronomia-cocteleria-programacion-valenciana\/","url":"https:\/\/myrhotels.com\/guia-turismo-valencia\/gusto-myr\/myr-hotels-celebra-fallas-gastronomia-cocteleria-programacion-valenciana\/","name":"MYR Hotels celebra las Fallas con gastronom\u00eda","isPartOf":{"@id":"https:\/\/myrhotels.com\/guia-turismo-valencia\/#website"},"datePublished":"2026-03-12T12:06:05+00:00","dateModified":"2026-03-12T12:06:07+00:00","description":"MYR Hotels celebra las Fallas con una propuesta de gastronom\u00eda, cocteler\u00eda de autor y una programaci\u00f3n para homenajear Valencia.","breadcrumb":{"@id":"https:\/\/myrhotels.com\/guia-turismo-valencia\/gusto-myr\/myr-hotels-celebra-fallas-gastronomia-cocteleria-programacion-valenciana\/#breadcrumb"},"inLanguage":"es","potentialAction":[{"@type":"ReadAction","target":["https:\/\/myrhotels.com\/guia-turismo-valencia\/gusto-myr\/myr-hotels-celebra-fallas-gastronomia-cocteleria-programacion-valenciana\/"]}]},{"@type":"BreadcrumbList","@id":"https:\/\/myrhotels.com\/guia-turismo-valencia\/gusto-myr\/myr-hotels-celebra-fallas-gastronomia-cocteleria-programacion-valenciana\/#breadcrumb","itemListElement":[{"@type":"ListItem","position":1,"name":"Portada","item":"https:\/\/myrhotels.com\/guia-turismo-valencia\/"},{"@type":"ListItem","position":2,"name":"MYR Hotels celebra las Fallas con gastronom\u00eda, cocteler\u00eda de autor y una programaci\u00f3n que honra el esp\u00edritu valenciano"}]},{"@type":"WebSite","@id":"https:\/\/myrhotels.com\/guia-turismo-valencia\/#website","url":"https:\/\/myrhotels.com\/guia-turismo-valencia\/","name":"MYR Hotels","description":"Gu\u00eda Turismo","publisher":{"@id":"https:\/\/myrhotels.com\/guia-turismo-valencia\/#organization"},"potentialAction":[{"@type":"SearchAction","target":{"@type":"EntryPoint","urlTemplate":"https:\/\/myrhotels.com\/guia-turismo-valencia\/?s={search_term_string}"},"query-input":"required name=search_term_string"}],"inLanguage":"es"},{"@type":"Organization","@id":"https:\/\/myrhotels.com\/guia-turismo-valencia\/#organization","name":"MYR Hotels","url":"https:\/\/myrhotels.com\/guia-turismo-valencia\/","logo":{"@type":"ImageObject","inLanguage":"es","@id":"https:\/\/myrhotels.com\/guia-turismo-valencia\/#\/schema\/logo\/image\/","url":"https:\/\/myrhotels.com\/guia-turismo-valencia\/wp-content\/uploads\/2022\/07\/Logo_MYR-01.png","contentUrl":"https:\/\/myrhotels.com\/guia-turismo-valencia\/wp-content\/uploads\/2022\/07\/Logo_MYR-01.png","width":972,"height":534,"caption":"MYR Hotels"},"image":{"@id":"https:\/\/myrhotels.com\/guia-turismo-valencia\/#\/schema\/logo\/image\/"}},{"@type":"Person","@id":"https:\/\/myrhotels.com\/guia-turismo-valencia\/#\/schema\/person\/6dec45971c8aaa1698eef934ec2d56ea","name":"myrhotels","image":{"@type":"ImageObject","inLanguage":"es","@id":"https:\/\/myrhotels.com\/guia-turismo-valencia\/#\/schema\/person\/image\/","url":"https:\/\/secure.gravatar.com\/avatar\/90c743796ade8e7d8a96abdf18ad9594d1131d330a09f8a683df5818d6d236e3?s=96&d=mm&r=g","contentUrl":"https:\/\/secure.gravatar.com\/avatar\/90c743796ade8e7d8a96abdf18ad9594d1131d330a09f8a683df5818d6d236e3?s=96&d=mm&r=g","caption":"myrhotels"},"url":"https:\/\/myrhotels.com\/guia-turismo-valencia\/author\/myrhotels\/"}]}},"_links":{"self":[{"href":"https:\/\/myrhotels.com\/guia-turismo-valencia\/wp-json\/wp\/v2\/posts\/3806","targetHints":{"allow":["GET"]}}],"collection":[{"href":"https:\/\/myrhotels.com\/guia-turismo-valencia\/wp-json\/wp\/v2\/posts"}],"about":[{"href":"https:\/\/myrhotels.com\/guia-turismo-valencia\/wp-json\/wp\/v2\/types\/post"}],"author":[{"embeddable":true,"href":"https:\/\/myrhotels.com\/guia-turismo-valencia\/wp-json\/wp\/v2\/users\/2"}],"replies":[{"embeddable":true,"href":"https:\/\/myrhotels.com\/guia-turismo-valencia\/wp-json\/wp\/v2\/comments?post=3806"}],"version-history":[{"count":7,"href":"https:\/\/myrhotels.com\/guia-turismo-valencia\/wp-json\/wp\/v2\/posts\/3806\/revisions"}],"predecessor-version":[{"id":3816,"href":"https:\/\/myrhotels.com\/guia-turismo-valencia\/wp-json\/wp\/v2\/posts\/3806\/revisions\/3816"}],"wp:featuredmedia":[{"embeddable":true,"href":"https:\/\/myrhotels.com\/guia-turismo-valencia\/wp-json\/wp\/v2\/media\/3807"}],"wp:attachment":[{"href":"https:\/\/myrhotels.com\/guia-turismo-valencia\/wp-json\/wp\/v2\/media?parent=3806"}],"wp:term":[{"taxonomy":"category","embeddable":true,"href":"https:\/\/myrhotels.com\/guia-turismo-valencia\/wp-json\/wp\/v2\/categories?post=3806"},{"taxonomy":"post_tag","embeddable":true,"href":"https:\/\/myrhotels.com\/guia-turismo-valencia\/wp-json\/wp\/v2\/tags?post=3806"}],"curies":[{"name":"wp","href":"https:\/\/api.w.org\/{rel}","templated":true}]}}