{"id":1984,"date":"2023-07-29T07:48:32","date_gmt":"2023-07-29T07:48:32","guid":{"rendered":"https:\/\/myrhotels.com\/guia-turismo-valencia\/?p=1984"},"modified":"2024-08-30T06:40:20","modified_gmt":"2024-08-30T06:40:20","slug":"plaza-de-la-virgen-en-valencia","status":"publish","type":"post","link":"https:\/\/myrhotels.com\/guia-turismo-valencia\/que-ver-en-valencia\/plaza-de-la-virgen-en-valencia\/","title":{"rendered":"Plaza de la Virgen en Valencia: c\u00f3mo llegar, qu\u00e9 ver, por qu\u00e9 debes visitarla"},"content":{"rendered":"\t\t<div data-elementor-type=\"wp-post\" data-elementor-id=\"1984\" class=\"elementor elementor-1984\">\n\t\t\t\t\t\t<section class=\"elementor-section elementor-top-section elementor-element elementor-element-e5ac5af elementor-section-height-min-height elementor-section-boxed elementor-section-height-default elementor-section-items-middle\" data-id=\"e5ac5af\" data-element_type=\"section\" data-settings=\"{&quot;background_background&quot;:&quot;classic&quot;,&quot;jet_parallax_layout_list&quot;:[]}\">\n\t\t\t\t\t\t<div class=\"elementor-container elementor-column-gap-default\">\n\t\t\t\t\t<div class=\"elementor-column elementor-col-100 elementor-top-column elementor-element elementor-element-80e635b\" data-id=\"80e635b\" data-element_type=\"column\">\n\t\t\t<div class=\"elementor-widget-wrap elementor-element-populated\">\n\t\t\t\t\t\t<section class=\"elementor-section elementor-inner-section elementor-element elementor-element-81790fc elementor-section-boxed elementor-section-height-default elementor-section-height-default\" data-id=\"81790fc\" data-element_type=\"section\" data-settings=\"{&quot;jet_parallax_layout_list&quot;:[]}\">\n\t\t\t\t\t\t<div class=\"elementor-container elementor-column-gap-default\">\n\t\t\t\t\t<div class=\"elementor-column elementor-col-100 elementor-inner-column elementor-element elementor-element-f9c6dff\" data-id=\"f9c6dff\" data-element_type=\"column\">\n\t\t\t<div class=\"elementor-widget-wrap elementor-element-populated\">\n\t\t\t\t\t\t<div class=\"elementor-element elementor-element-32e5569 elementor-fixed elementor-widget elementor-widget-progress-tracker\" data-id=\"32e5569\" data-element_type=\"widget\" data-settings=\"{&quot;_position&quot;:&quot;fixed&quot;,&quot;type&quot;:&quot;horizontal&quot;,&quot;relative_to&quot;:&quot;entire_page&quot;}\" data-widget_type=\"progress-tracker.default\">\n\t\t\t\t<div class=\"elementor-widget-container\">\n\t\t\t<style>\/*! elementor-pro - v3.7.2 - 15-06-2022 *\/\n.elementor-scrolling-tracker{--scrolling-track-default-progress-color:#61ce70;--scrolling-track-default-color:#eee;--scrolling-track-precentage-default-color:$black}.elementor-scrolling-tracker-horizontal{display:-webkit-box;display:-ms-flexbox;display:flex;width:100%;height:var(--horizontal-height,20px);padding:var(--tracker-padding);-webkit-box-align:center;-ms-flex-align:center;align-items:center;border-left:var(--horizontal-border-left-width,2px) var(--horizontal-border-style) var(--horizontal-border-color);border-bottom:var(--horizontal-border-bottom-width,2px) var(--horizontal-border-style) var(--horizontal-border-color);border-right:var(--horizontal-border-right-width,2px) var(--horizontal-border-style) var(--horizontal-border-color);border-top:var(--horizontal-border-top-width,2px) var(--horizontal-border-style) var(--horizontal-border-color);border-radius:var(--border-radius);background-color:var(--scrolling-track-default-color);direction:var(--direction)}.elementor-scrolling-tracker-horizontal .current-progress{display:none;height:100%;-webkit-box-align:center;-ms-flex-align:center;align-items:center;position:relative;border-radius:var(--progress-border-radius);border-left:var(--horizontal-progress-border-left-width,2px) var(--horizontal-progress-border) var(--horizontal-progress-border-color);border-bottom:var(--horizontal-progress-border-bottom-width,2px) var(--horizontal-progress-border) var(--horizontal-progress-border-color);border-right:var(--horizontal-progress-border-right-width,2px) var(--horizontal-progress-border) var(--horizontal-progress-border-color);border-top:var(--horizontal-progress-border-top-width,2px) var(--horizontal-progress-border) var(--horizontal-progress-border-color);background-color:var(--scrolling-track-default-progress-color)}.elementor-scrolling-tracker-horizontal .current-progress .current-progress-percentage{inset-inline-end:.5em;inset-inline-start:auto;position:absolute;direction:var(--text-direction);color:var(--percentage-color,var(--scrolling-track-precentage-default-color))}.elementor-scrolling-tracker-circular{display:-webkit-box;display:-ms-flexbox;display:flex;width:var(--circular-width,100px);height:var(--circular-height,100px);-webkit-box-align:center;-ms-flex-align:center;align-items:center;-webkit-box-pack:center;-ms-flex-pack:center;justify-content:center;position:relative;-webkit-margin-start:0;margin-inline-start:0;-webkit-margin-end:auto;margin-inline-end:auto}.elementor-scrolling-tracker-circular .current-progress-percentage{position:absolute;color:var(--percentage-color,var(--scrolling-track-precentage-default-color))}.elementor-scrolling-tracker-circular svg{position:absolute}.elementor-scrolling-tracker-circular .current-progress{display:none;-webkit-transform:rotate(-90deg);-ms-transform:rotate(-90deg);transform:rotate(-90deg);-webkit-transform-origin:50% 50%;-ms-transform-origin:50% 50%;transform-origin:50% 50%;stroke:var(--circular-color,var(--scrolling-track-default-progress-color));fill:transparent;stroke-width:var(--circular-progress-width,4px)}.elementor-scrolling-tracker-circular .circle{stroke:var(--circular-background-color,var(--scrolling-track-default-color));fill:transparent;stroke-width:var(--circular-background-width,4px)}.elementor-scrolling-tracker-alignment-left{margin-left:0;margin-right:auto}.elementor-scrolling-tracker-alignment-center{margin-left:auto;margin-right:auto}.elementor-scrolling-tracker-alignment-right{margin-left:auto;margin-right:0}<\/style>\n\t\t<div class=\"elementor-scrolling-tracker elementor-scrolling-tracker-horizontal elementor-scrolling-tracker-alignment-\">\n\t\t\t\t\t\t<div class=\"current-progress\">\n\t\t\t\t\t<div class=\"current-progress-percentage\"><\/div>\n\t\t\t\t<\/div>\n\t\t\t\t<\/div>\n\t\t\t\t<\/div>\n\t\t\t\t<\/div>\n\t\t\t\t\t<\/div>\n\t\t<\/div>\n\t\t\t\t\t<\/div>\n\t\t<\/section>\n\t\t\t\t<div class=\"elementor-element elementor-element-249927d elementor-widget elementor-widget-heading\" data-id=\"249927d\" data-element_type=\"widget\" data-widget_type=\"heading.default\">\n\t\t\t\t<div class=\"elementor-widget-container\">\n\t\t\t<style>\/*! elementor - v3.23.0 - 05-08-2024 *\/\n.elementor-heading-title{padding:0;margin:0;line-height:1}.elementor-widget-heading .elementor-heading-title[class*=elementor-size-]>a{color:inherit;font-size:inherit;line-height:inherit}.elementor-widget-heading .elementor-heading-title.elementor-size-small{font-size:15px}.elementor-widget-heading .elementor-heading-title.elementor-size-medium{font-size:19px}.elementor-widget-heading .elementor-heading-title.elementor-size-large{font-size:29px}.elementor-widget-heading .elementor-heading-title.elementor-size-xl{font-size:39px}.elementor-widget-heading .elementor-heading-title.elementor-size-xxl{font-size:59px}<\/style><h1 class=\"elementor-heading-title elementor-size-default\">Plaza de la Virgen en Valencia: c\u00f3mo llegar, qu\u00e9 ver, por qu\u00e9 debes visitarla<\/h1>\t\t<\/div>\n\t\t\t\t<\/div>\n\t\t\t\t\t<\/div>\n\t\t<\/div>\n\t\t\t\t\t<\/div>\n\t\t<\/section>\n\t\t\t\t<section class=\"elementor-section elementor-top-section elementor-element elementor-element-da4a718 elementor-section-boxed elementor-section-height-default elementor-section-height-default\" data-id=\"da4a718\" data-element_type=\"section\" data-settings=\"{&quot;jet_parallax_layout_list&quot;:[]}\">\n\t\t\t\t\t\t<div class=\"elementor-container elementor-column-gap-default\">\n\t\t\t\t\t<div class=\"elementor-column elementor-col-100 elementor-top-column elementor-element elementor-element-6f34831\" data-id=\"6f34831\" data-element_type=\"column\">\n\t\t\t<div class=\"elementor-widget-wrap elementor-element-populated\">\n\t\t\t\t\t\t<div class=\"elementor-element elementor-element-2c5f2f3 elementor-widget elementor-widget-jet-breadcrumbs\" data-id=\"2c5f2f3\" data-element_type=\"widget\" data-widget_type=\"jet-breadcrumbs.default\">\n\t\t\t\t<div class=\"elementor-widget-container\">\n\t\t\t<div class=\"elementor-jet-breadcrumbs jet-blocks\">\n\t\t<div class=\"jet-breadcrumbs\">\n\t\t<div class=\"jet-breadcrumbs__content\">\n\t\t<div class=\"jet-breadcrumbs__wrap\"><div class=\"jet-breadcrumbs__item\"><a href=\"https:\/\/myrhotels.com\/guia-turismo-valencia\/\" class=\"jet-breadcrumbs__item-link is-home\" rel=\"home\" title=\"Home\">Home<\/a><\/div>\n\t\t<\/div>\n\t\t<\/div>\n\t\t<\/div><\/div>\t\t<\/div>\n\t\t\t\t<\/div>\n\t\t\t\t\t<\/div>\n\t\t<\/div>\n\t\t\t\t\t<\/div>\n\t\t<\/section>\n\t\t\t\t<section class=\"elementor-section elementor-top-section elementor-element elementor-element-b7dcd04 elementor-section-boxed elementor-section-height-default elementor-section-height-default\" data-id=\"b7dcd04\" data-element_type=\"section\" data-settings=\"{&quot;jet_parallax_layout_list&quot;:[]}\">\n\t\t\t\t\t\t<div class=\"elementor-container elementor-column-gap-default\">\n\t\t\t\t\t<div class=\"elementor-column elementor-col-50 elementor-top-column elementor-element elementor-element-b88cf4a\" data-id=\"b88cf4a\" data-element_type=\"column\">\n\t\t\t<div class=\"elementor-widget-wrap elementor-element-populated\">\n\t\t\t\t\t\t<div class=\"elementor-element elementor-element-f5299f0 elementor-widget elementor-widget-heading\" data-id=\"f5299f0\" data-element_type=\"widget\" data-widget_type=\"heading.default\">\n\t\t\t\t<div class=\"elementor-widget-container\">\n\t\t\t<h2 class=\"elementor-heading-title elementor-size-default\">Plaza de la Virgen, la m\u00e1s hermosa de la ciudad<\/h2>\t\t<\/div>\n\t\t\t\t<\/div>\n\t\t\t\t<div class=\"elementor-element elementor-element-0c01092 elementor-widget elementor-widget-text-editor\" data-id=\"0c01092\" data-element_type=\"widget\" data-widget_type=\"text-editor.default\">\n\t\t\t\t<div class=\"elementor-widget-container\">\n\t\t\t<style>\/*! elementor - v3.23.0 - 05-08-2024 *\/\n.elementor-widget-text-editor.elementor-drop-cap-view-stacked .elementor-drop-cap{background-color:#69727d;color:#fff}.elementor-widget-text-editor.elementor-drop-cap-view-framed .elementor-drop-cap{color:#69727d;border:3px solid;background-color:transparent}.elementor-widget-text-editor:not(.elementor-drop-cap-view-default) .elementor-drop-cap{margin-top:8px}.elementor-widget-text-editor:not(.elementor-drop-cap-view-default) .elementor-drop-cap-letter{width:1em;height:1em}.elementor-widget-text-editor .elementor-drop-cap{float:left;text-align:center;line-height:1;font-size:50px}.elementor-widget-text-editor .elementor-drop-cap-letter{display:inline-block}<\/style>\t\t\t\t<p>La Plaza de la Virgen est\u00e1 construida sobre un <b>antiguo foro romano<\/b>. As\u00ed que, a trav\u00e9s de 2.000 a\u00f1os ha sido un lugar de reuni\u00f3n de ciudadanos y visitantes, tambi\u00e9n un sitio de acontecimientos hist\u00f3ricos, revueltas y hasta ejecuciones.<\/p><p>Es esta plaza, la m\u00e1s hermosa, el punto donde se comenz\u00f3 a edificar Valencia. Muestra de ello es la placa fundacional que lo atestigua. Pero tambi\u00e9n es un<b> espacio muy animado<\/b> donde transcurre el presente de la ciudad, entre grandes terrazas, cafeter\u00edas y bares.<span class=\"Apple-converted-space\">\u00a0<\/span><\/p><p>Durante tu visita prueba una tradicional horchata, come alg\u00fan producto t\u00edpico valenciano. Despu\u00e9s, experimenta una inigualable oferta gastron\u00f3mica en el <a href=\"https:\/\/myrhotels.com\/restauracion\/restaurante-la-perfumeria-valencia\/\" target=\"_blank\" rel=\"noopener\"><b>Restaurante La Perfumer\u00eda<\/b><\/a><b>, del <a href=\"https:\/\/myrhotels.com\/hoteles\/hotel-palacio-vallier\/\" target=\"_blank\" rel=\"noopener\">Hotel Palacio Valier 5*<\/a> <\/b>(Plaza de Manises, 7, 46003.), a tan solo 100 m de la Plaza de la Virgen.<\/p>\t\t\t\t\t\t<\/div>\n\t\t\t\t<\/div>\n\t\t\t\t<div class=\"elementor-element elementor-element-b9ba54d elementor-widget elementor-widget-image\" data-id=\"b9ba54d\" data-element_type=\"widget\" data-widget_type=\"image.default\">\n\t\t\t\t<div class=\"elementor-widget-container\">\n\t\t\t<style>\/*! elementor - v3.23.0 - 05-08-2024 *\/\n.elementor-widget-image{text-align:center}.elementor-widget-image a{display:inline-block}.elementor-widget-image a img[src$=\".svg\"]{width:48px}.elementor-widget-image img{vertical-align:middle;display:inline-block}<\/style>\t\t\t\t\t\t\t\t\t\t<img fetchpriority=\"high\" decoding=\"async\" width=\"800\" height=\"534\" src=\"https:\/\/myrhotels.com\/guia-turismo-valencia\/wp-content\/uploads\/2023\/04\/La-Perfumeria-1-1024x683.jpg\" class=\"attachment-large size-large wp-image-2271\" alt=\"\" srcset=\"https:\/\/myrhotels.com\/guia-turismo-valencia\/wp-content\/uploads\/2023\/04\/La-Perfumeria-1-1024x683.jpg 1024w, https:\/\/myrhotels.com\/guia-turismo-valencia\/wp-content\/uploads\/2023\/04\/La-Perfumeria-1-300x200.jpg 300w, https:\/\/myrhotels.com\/guia-turismo-valencia\/wp-content\/uploads\/2023\/04\/La-Perfumeria-1-768x512.jpg 768w, https:\/\/myrhotels.com\/guia-turismo-valencia\/wp-content\/uploads\/2023\/04\/La-Perfumeria-1.jpg 1200w\" sizes=\"(max-width: 800px) 100vw, 800px\" \/>\t\t\t\t\t\t\t\t\t\t\t\t\t<\/div>\n\t\t\t\t<\/div>\n\t\t\t\t<div class=\"elementor-element elementor-element-58ed85c elementor-icon-list--layout-traditional elementor-list-item-link-full_width elementor-widget elementor-widget-icon-list\" data-id=\"58ed85c\" data-element_type=\"widget\" data-widget_type=\"icon-list.default\">\n\t\t\t\t<div class=\"elementor-widget-container\">\n\t\t\t<link rel=\"stylesheet\" href=\"https:\/\/myrhotels.com\/guia-turismo-valencia\/wp-content\/plugins\/elementor\/assets\/css\/widget-icon-list.min.css\">\t\t<ul class=\"elementor-icon-list-items\">\n\t\t\t\t\t\t\t<li class=\"elementor-icon-list-item\">\n\t\t\t\t\t\t\t\t\t\t\t<span class=\"elementor-icon-list-icon\">\n\t\t\t\t\t\t\t<i aria-hidden=\"true\" class=\"fas fa-map-marker-alt\"><\/i>\t\t\t\t\t\t<\/span>\n\t\t\t\t\t\t\t\t\t\t<span class=\"elementor-icon-list-text\">Restaurante La Perfumer\u00eda<\/span>\n\t\t\t\t\t\t\t\t\t<\/li>\n\t\t\t\t\t\t<\/ul>\n\t\t\t\t<\/div>\n\t\t\t\t<\/div>\n\t\t\t\t<div class=\"elementor-element elementor-element-b09c279 elementor-widget elementor-widget-heading\" data-id=\"b09c279\" data-element_type=\"widget\" data-widget_type=\"heading.default\">\n\t\t\t\t<div class=\"elementor-widget-container\">\n\t\t\t<h2 class=\"elementor-heading-title elementor-size-default\">Qu\u00e9 ver en la Plaza de la Virgen en Valencia<\/h2>\t\t<\/div>\n\t\t\t\t<\/div>\n\t\t\t\t<div class=\"elementor-element elementor-element-5b5de28 elementor-widget elementor-widget-text-editor\" data-id=\"5b5de28\" data-element_type=\"widget\" data-widget_type=\"text-editor.default\">\n\t\t\t\t<div class=\"elementor-widget-container\">\n\t\t\t\t\t\t\t<p><b>La Plaza de la Virgen<\/b> es un espacio abierto completamente peatonal, de forma casi rectangular, delimitado principalmente por fascinantes edificios.<span class=\"Apple-converted-space\">\u00a0<\/span><\/p>\t\t\t\t\t\t<\/div>\n\t\t\t\t<\/div>\n\t\t\t\t<div class=\"elementor-element elementor-element-87abf01 elementor-widget-divider--view-line elementor-widget elementor-widget-divider\" data-id=\"87abf01\" data-element_type=\"widget\" data-widget_type=\"divider.default\">\n\t\t\t\t<div class=\"elementor-widget-container\">\n\t\t\t<style>\/*! elementor - v3.23.0 - 05-08-2024 *\/\n.elementor-widget-divider{--divider-border-style:none;--divider-border-width:1px;--divider-color:#0c0d0e;--divider-icon-size:20px;--divider-element-spacing:10px;--divider-pattern-height:24px;--divider-pattern-size:20px;--divider-pattern-url:none;--divider-pattern-repeat:repeat-x}.elementor-widget-divider .elementor-divider{display:flex}.elementor-widget-divider .elementor-divider__text{font-size:15px;line-height:1;max-width:95%}.elementor-widget-divider .elementor-divider__element{margin:0 var(--divider-element-spacing);flex-shrink:0}.elementor-widget-divider .elementor-icon{font-size:var(--divider-icon-size)}.elementor-widget-divider .elementor-divider-separator{display:flex;margin:0;direction:ltr}.elementor-widget-divider--view-line_icon .elementor-divider-separator,.elementor-widget-divider--view-line_text .elementor-divider-separator{align-items:center}.elementor-widget-divider--view-line_icon .elementor-divider-separator:after,.elementor-widget-divider--view-line_icon .elementor-divider-separator:before,.elementor-widget-divider--view-line_text .elementor-divider-separator:after,.elementor-widget-divider--view-line_text .elementor-divider-separator:before{display:block;content:\"\";border-block-end:0;flex-grow:1;border-block-start:var(--divider-border-width) var(--divider-border-style) var(--divider-color)}.elementor-widget-divider--element-align-left .elementor-divider .elementor-divider-separator>.elementor-divider__svg:first-of-type{flex-grow:0;flex-shrink:100}.elementor-widget-divider--element-align-left .elementor-divider-separator:before{content:none}.elementor-widget-divider--element-align-left .elementor-divider__element{margin-left:0}.elementor-widget-divider--element-align-right .elementor-divider .elementor-divider-separator>.elementor-divider__svg:last-of-type{flex-grow:0;flex-shrink:100}.elementor-widget-divider--element-align-right .elementor-divider-separator:after{content:none}.elementor-widget-divider--element-align-right .elementor-divider__element{margin-right:0}.elementor-widget-divider--element-align-start .elementor-divider .elementor-divider-separator>.elementor-divider__svg:first-of-type{flex-grow:0;flex-shrink:100}.elementor-widget-divider--element-align-start .elementor-divider-separator:before{content:none}.elementor-widget-divider--element-align-start .elementor-divider__element{margin-inline-start:0}.elementor-widget-divider--element-align-end .elementor-divider .elementor-divider-separator>.elementor-divider__svg:last-of-type{flex-grow:0;flex-shrink:100}.elementor-widget-divider--element-align-end .elementor-divider-separator:after{content:none}.elementor-widget-divider--element-align-end .elementor-divider__element{margin-inline-end:0}.elementor-widget-divider:not(.elementor-widget-divider--view-line_text):not(.elementor-widget-divider--view-line_icon) .elementor-divider-separator{border-block-start:var(--divider-border-width) var(--divider-border-style) var(--divider-color)}.elementor-widget-divider--separator-type-pattern{--divider-border-style:none}.elementor-widget-divider--separator-type-pattern.elementor-widget-divider--view-line .elementor-divider-separator,.elementor-widget-divider--separator-type-pattern:not(.elementor-widget-divider--view-line) .elementor-divider-separator:after,.elementor-widget-divider--separator-type-pattern:not(.elementor-widget-divider--view-line) .elementor-divider-separator:before,.elementor-widget-divider--separator-type-pattern:not([class*=elementor-widget-divider--view]) .elementor-divider-separator{width:100%;min-height:var(--divider-pattern-height);-webkit-mask-size:var(--divider-pattern-size) 100%;mask-size:var(--divider-pattern-size) 100%;-webkit-mask-repeat:var(--divider-pattern-repeat);mask-repeat:var(--divider-pattern-repeat);background-color:var(--divider-color);-webkit-mask-image:var(--divider-pattern-url);mask-image:var(--divider-pattern-url)}.elementor-widget-divider--no-spacing{--divider-pattern-size:auto}.elementor-widget-divider--bg-round{--divider-pattern-repeat:round}.rtl .elementor-widget-divider .elementor-divider__text{direction:rtl}.e-con-inner>.elementor-widget-divider,.e-con>.elementor-widget-divider{width:var(--container-widget-width,100%);--flex-grow:var(--container-widget-flex-grow)}<\/style>\t\t<div class=\"elementor-divider\">\n\t\t\t<span class=\"elementor-divider-separator\">\n\t\t\t\t\t\t<\/span>\n\t\t<\/div>\n\t\t\t\t<\/div>\n\t\t\t\t<\/div>\n\t\t\t\t<div class=\"elementor-element elementor-element-a3982c0 elementor-widget elementor-widget-heading\" data-id=\"a3982c0\" data-element_type=\"widget\" data-widget_type=\"heading.default\">\n\t\t\t\t<div class=\"elementor-widget-container\">\n\t\t\t<h3 class=\"elementor-heading-title elementor-size-default\">La Fuente del Turia <\/h3>\t\t<\/div>\n\t\t\t\t<\/div>\n\t\t\t\t<div class=\"elementor-element elementor-element-d941820 elementor-widget elementor-widget-text-editor\" data-id=\"d941820\" data-element_type=\"widget\" data-widget_type=\"text-editor.default\">\n\t\t\t\t<div class=\"elementor-widget-container\">\n\t\t\t\t\t\t\t<p>Uno de los monumentos que ver en la Plaza de la Virgen es la <b>hermosa fuente<\/b> que decora el lugar. Ser\u00e1 lo primero que notes al llegar. Es una obra de 1976, esculpida por Manuel Silvestre Montesino, en <b>homenaje al R\u00edo Turia de Valencia<\/b>.<span class=\"Apple-converted-space\">\u00a0<\/span><\/p><p>En el centro se encuentra recostada una <b>fascinante y perfecta figura masculina de bronce<\/b>, en magistral alegor\u00eda al vigoroso R\u00edo Turia, recreando a la vez una especie de comparaci\u00f3n con el <b>Dios Neptuno<\/b>, gobernante de las aguas. Esta figura sostiene el cuerno de la abundancia, s\u00edmbolo de Valencia.<\/p><p>A su alrededor est\u00e1n de pie 8 figurillas femeninas, todas j\u00f3venes, desnudas, peinadas como labradoras y con un c\u00e1ntaro que desborda las aguas. Personifican a las 8 acequias que alimentaban al R\u00edo y se diferencian por la forma en la que sostienen el c\u00e1ntaro.<\/p><p>Por ejemplo, la acequia <b>Mislata<\/b> muestra el c\u00e1ntaro a sus pies, la acequia de <b>Tormos<\/b> sostiene el c\u00e1ntaro sobre su hombro derecho, mientras que la acequia de <b>Favara<\/b> muestra el c\u00e1ntaro bajo su pie izquierdo.<\/p>\t\t\t\t\t\t<\/div>\n\t\t\t\t<\/div>\n\t\t\t\t<div class=\"elementor-element elementor-element-11b0fad elementor-widget elementor-widget-image\" data-id=\"11b0fad\" data-element_type=\"widget\" data-widget_type=\"image.default\">\n\t\t\t\t<div class=\"elementor-widget-container\">\n\t\t\t\t\t\t\t\t\t\t\t\t\t<img decoding=\"async\" width=\"800\" height=\"484\" src=\"https:\/\/myrhotels.com\/guia-turismo-valencia\/wp-content\/uploads\/2023\/04\/Plaza-de-la-Virgen.jpg\" class=\"attachment-large size-large wp-image-2273\" alt=\"Plaza-de-la-Virgen\" srcset=\"https:\/\/myrhotels.com\/guia-turismo-valencia\/wp-content\/uploads\/2023\/04\/Plaza-de-la-Virgen.jpg 1000w, https:\/\/myrhotels.com\/guia-turismo-valencia\/wp-content\/uploads\/2023\/04\/Plaza-de-la-Virgen-300x182.jpg 300w, https:\/\/myrhotels.com\/guia-turismo-valencia\/wp-content\/uploads\/2023\/04\/Plaza-de-la-Virgen-768x465.jpg 768w\" sizes=\"(max-width: 800px) 100vw, 800px\" \/>\t\t\t\t\t\t\t\t\t\t\t\t\t<\/div>\n\t\t\t\t<\/div>\n\t\t\t\t<div class=\"elementor-element elementor-element-5b0e274 elementor-icon-list--layout-traditional elementor-list-item-link-full_width elementor-widget elementor-widget-icon-list\" data-id=\"5b0e274\" data-element_type=\"widget\" data-widget_type=\"icon-list.default\">\n\t\t\t\t<div class=\"elementor-widget-container\">\n\t\t\t\t\t<ul class=\"elementor-icon-list-items\">\n\t\t\t\t\t\t\t<li class=\"elementor-icon-list-item\">\n\t\t\t\t\t\t\t\t\t\t\t<span class=\"elementor-icon-list-icon\">\n\t\t\t\t\t\t\t<i aria-hidden=\"true\" class=\"fas fa-map-marker-alt\"><\/i>\t\t\t\t\t\t<\/span>\n\t\t\t\t\t\t\t\t\t\t<span class=\"elementor-icon-list-text\">Fuente del Turia - Plaza de la Virgen en Valencia<\/span>\n\t\t\t\t\t\t\t\t\t<\/li>\n\t\t\t\t\t\t<\/ul>\n\t\t\t\t<\/div>\n\t\t\t\t<\/div>\n\t\t\t\t<div class=\"elementor-element elementor-element-63cbdfe elementor-widget-divider--view-line elementor-widget elementor-widget-divider\" data-id=\"63cbdfe\" data-element_type=\"widget\" data-widget_type=\"divider.default\">\n\t\t\t\t<div class=\"elementor-widget-container\">\n\t\t\t\t\t<div class=\"elementor-divider\">\n\t\t\t<span class=\"elementor-divider-separator\">\n\t\t\t\t\t\t<\/span>\n\t\t<\/div>\n\t\t\t\t<\/div>\n\t\t\t\t<\/div>\n\t\t\t\t<div class=\"elementor-element elementor-element-dfa2bdd elementor-widget elementor-widget-heading\" data-id=\"dfa2bdd\" data-element_type=\"widget\" data-widget_type=\"heading.default\">\n\t\t\t\t<div class=\"elementor-widget-container\">\n\t\t\t<h3 class=\"elementor-heading-title elementor-size-default\">La Bas\u00edlica de la Virgen de los Desamparados<\/h3>\t\t<\/div>\n\t\t\t\t<\/div>\n\t\t\t\t<div class=\"elementor-element elementor-element-5acebc8 elementor-widget elementor-widget-text-editor\" data-id=\"5acebc8\" data-element_type=\"widget\" data-widget_type=\"text-editor.default\">\n\t\t\t\t<div class=\"elementor-widget-container\">\n\t\t\t\t\t\t\t<p>En esta Bas\u00edlica se resguarda la imagen de la Virgen de los Inocentes M\u00e1rtires y Desamparados, la venerada <b>patrona de la ciudad de Valencia<\/b>. Otro imprescindible que ver en la Plaza de la Virgen.<\/p><p>La Bas\u00edlica se construy\u00f3 entre los a\u00f1os 1652 y 1667, a cargo del <b>arquitecto Diego Martinez Ponce<\/b>. Es una obra predominantemente clasicista, a la que se le a\u00f1aden diversos elementos de estilo barroco, como la gran c\u00fapula que corona el espacio el\u00edptico.<\/p><ul><li>Al entrar notar\u00e1s diversas capillas. Contin\u00faa hasta llegar al \u00e1rea de la c\u00fapula (19 metros de ancho), ver\u00e1s que se encuentra divinamente decorada con los frescos de <b>Antonio Palomino<\/b>.<span class=\"Apple-converted-space\">\u00a0<\/span><\/li><li>Sube al camar\u00edn de la Virgen y hallar\u00e1s <b>la imagen de la Geperudeta, <\/b>o jorobadita, como cari\u00f1osamente le llaman los fieles.<\/li><\/ul>\t\t\t\t\t\t<\/div>\n\t\t\t\t<\/div>\n\t\t\t\t<div class=\"elementor-element elementor-element-a963fdd elementor-widget-divider--view-line elementor-widget elementor-widget-divider\" data-id=\"a963fdd\" data-element_type=\"widget\" data-widget_type=\"divider.default\">\n\t\t\t\t<div class=\"elementor-widget-container\">\n\t\t\t\t\t<div class=\"elementor-divider\">\n\t\t\t<span class=\"elementor-divider-separator\">\n\t\t\t\t\t\t<\/span>\n\t\t<\/div>\n\t\t\t\t<\/div>\n\t\t\t\t<\/div>\n\t\t\t\t<div class=\"elementor-element elementor-element-fa81205 elementor-widget elementor-widget-heading\" data-id=\"fa81205\" data-element_type=\"widget\" data-widget_type=\"heading.default\">\n\t\t\t\t<div class=\"elementor-widget-container\">\n\t\t\t<h4 class=\"elementor-heading-title elementor-size-default\">La imagen de la Virgen fue esculpida por los \u00e1ngeles<\/h4>\t\t<\/div>\n\t\t\t\t<\/div>\n\t\t\t\t<div class=\"elementor-element elementor-element-3e60158 elementor-widget elementor-widget-text-editor\" data-id=\"3e60158\" data-element_type=\"widget\" data-widget_type=\"text-editor.default\">\n\t\t\t\t<div class=\"elementor-widget-container\">\n\t\t\t\t\t\t\t<p>Pero m\u00e1s all\u00e1 de todo, esta Bas\u00edlica tambi\u00e9n cuenta con <b>un toque de misterio en su interior<\/b> . Dicen que \u201cla imagen de la Virgen de los Desamparados fue esculpida por \u00e1ngeles\u201d. S\u00ed, por eso emana una compasi\u00f3n y hermosura extraordinaria.<\/p><p>Cuenta la historia que en <b>1409<\/b>, tras la creaci\u00f3n del primer centro para desamparados y enfermos mentales, los sacerdotes buscaban una imagen de la Virgen para enterrar a los que mor\u00edan en esta instituci\u00f3n. En esos d\u00edas llegaron 4 peregrinos, tocaron la puerta, pidieron cobijo y se ofrecieron a realizar la escultura.<\/p><p>Los peregrinos se quedaron en la casa \u201cLa Ermita\u201d, pero durante cuatro d\u00edas nadie supo de ellos. Los ciudadanos tumbaron la puerta de la casa para saber qu\u00e9 les hab\u00eda sucedido.<span class=\"Apple-converted-space\">\u00a0 <\/span>Pero no estaban\u2026 Solo se encontraba la bella imagen de la Virgen de los Desamparados. Por esto<b> cuentan que fue creada por \u00e1ngeles<\/b>.<\/p><p>Sea o no esculpida por los \u00e1ngeles la realidad es que, hasta el d\u00eda de hoy, ning\u00fan artista ha podido crear una copia perfecta y el que ha tratado de hacerlo dice que<b> la imagen tiene algo sobrenatural.<\/b><\/p><p>La<b> entrada a la Bas\u00edlica es gratuita<\/b>, puedes visitarla de lunes a domingo, entre las 7:30 y las 14:00 o entre las 16:30 y las 21:00h, respetando las horas de culto.<\/p>\t\t\t\t\t\t<\/div>\n\t\t\t\t<\/div>\n\t\t\t\t<div class=\"elementor-element elementor-element-2183eb1 elementor-widget-divider--view-line elementor-widget elementor-widget-divider\" data-id=\"2183eb1\" data-element_type=\"widget\" data-widget_type=\"divider.default\">\n\t\t\t\t<div class=\"elementor-widget-container\">\n\t\t\t\t\t<div class=\"elementor-divider\">\n\t\t\t<span class=\"elementor-divider-separator\">\n\t\t\t\t\t\t<\/span>\n\t\t<\/div>\n\t\t\t\t<\/div>\n\t\t\t\t<\/div>\n\t\t\t\t<div class=\"elementor-element elementor-element-39f4760 elementor-pagination-position-outside elementor-widget elementor-widget-image-carousel\" data-id=\"39f4760\" data-element_type=\"widget\" data-settings=\"{&quot;slides_to_show&quot;:&quot;1&quot;,&quot;navigation&quot;:&quot;dots&quot;,&quot;autoplay_speed&quot;:3000,&quot;autoplay&quot;:&quot;yes&quot;,&quot;pause_on_hover&quot;:&quot;yes&quot;,&quot;pause_on_interaction&quot;:&quot;yes&quot;,&quot;infinite&quot;:&quot;yes&quot;,&quot;effect&quot;:&quot;slide&quot;,&quot;speed&quot;:500}\" data-widget_type=\"image-carousel.default\">\n\t\t\t\t<div class=\"elementor-widget-container\">\n\t\t\t<style>\/*! elementor - v3.23.0 - 05-08-2024 *\/\n.elementor-widget-image-carousel .swiper,.elementor-widget-image-carousel .swiper-container{position:static}.elementor-widget-image-carousel .swiper-container .swiper-slide figure,.elementor-widget-image-carousel .swiper .swiper-slide figure{line-height:inherit}.elementor-widget-image-carousel .swiper-slide{text-align:center}.elementor-image-carousel-wrapper:not(.swiper-container-initialized):not(.swiper-initialized) .swiper-slide{max-width:calc(100% \/ var(--e-image-carousel-slides-to-show, 3))}<\/style>\t\t<div class=\"elementor-image-carousel-wrapper swiper\" dir=\"ltr\">\n\t\t\t<div class=\"elementor-image-carousel swiper-wrapper\" aria-live=\"off\">\n\t\t\t\t\t\t\t\t<div class=\"swiper-slide\" role=\"group\" aria-roledescription=\"slide\" aria-label=\"1 de 3\"><a data-elementor-open-lightbox=\"yes\" data-elementor-lightbox-slideshow=\"39f4760\" data-elementor-lightbox-title=\"Hotel Marqu\u00e9s House Valencia\" data-elementor-lightbox-description=\"Hotel Marqu\u00e9s House Valencia \" data-e-action-hash=\"#elementor-action%3Aaction%3Dlightbox%26settings%3DeyJpZCI6OTQ2LCJ1cmwiOiJodHRwczpcL1wvbXlyaG90ZWxzLmNvbVwvZ3VpYS10dXJpc21vLXZhbGVuY2lhXC93cC1jb250ZW50XC91cGxvYWRzXC8yMDIyXC8wOFwvMy5qcGciLCJzbGlkZXNob3ciOiIzOWY0NzYwIn0%3D\" href=\"https:\/\/myrhotels.com\/hoteles\/\" target=\"_blank\"><figure class=\"swiper-slide-inner\"><img decoding=\"async\" class=\"swiper-slide-image\" src=\"https:\/\/myrhotels.com\/guia-turismo-valencia\/wp-content\/uploads\/2022\/08\/3.jpg\" alt=\"Hotel Marqu\u00e9s House Valencia\" \/><\/figure><\/a><\/div><div class=\"swiper-slide\" role=\"group\" aria-roledescription=\"slide\" aria-label=\"2 de 3\"><a data-elementor-open-lightbox=\"yes\" data-elementor-lightbox-slideshow=\"39f4760\" data-elementor-lightbox-title=\"Hotel Puerta Serranos Valencia\" data-elementor-lightbox-description=\"Hotel Puerta Serranos Valencia\" data-e-action-hash=\"#elementor-action%3Aaction%3Dlightbox%26settings%3DeyJpZCI6OTQ0LCJ1cmwiOiJodHRwczpcL1wvbXlyaG90ZWxzLmNvbVwvZ3VpYS10dXJpc21vLXZhbGVuY2lhXC93cC1jb250ZW50XC91cGxvYWRzXC8yMDIyXC8wOFwvMS5qcGciLCJzbGlkZXNob3ciOiIzOWY0NzYwIn0%3D\" href=\"https:\/\/myrhotels.com\/hoteles\/\" target=\"_blank\"><figure class=\"swiper-slide-inner\"><img decoding=\"async\" class=\"swiper-slide-image\" src=\"https:\/\/myrhotels.com\/guia-turismo-valencia\/wp-content\/uploads\/2022\/08\/1.jpg\" alt=\"Hotel Puerta Serranos Valencia\" \/><\/figure><\/a><\/div><div class=\"swiper-slide\" role=\"group\" aria-roledescription=\"slide\" aria-label=\"3 de 3\"><a data-elementor-open-lightbox=\"yes\" data-elementor-lightbox-slideshow=\"39f4760\" data-elementor-lightbox-title=\"Hotel Palacio Vallier Valencia\" data-elementor-lightbox-description=\"Hotel Palacio Vallier Valencia\" data-e-action-hash=\"#elementor-action%3Aaction%3Dlightbox%26settings%3DeyJpZCI6OTQ1LCJ1cmwiOiJodHRwczpcL1wvbXlyaG90ZWxzLmNvbVwvZ3VpYS10dXJpc21vLXZhbGVuY2lhXC93cC1jb250ZW50XC91cGxvYWRzXC8yMDIyXC8wOFwvMi5qcGciLCJzbGlkZXNob3ciOiIzOWY0NzYwIn0%3D\" href=\"https:\/\/myrhotels.com\/hoteles\/\" target=\"_blank\"><figure class=\"swiper-slide-inner\"><img decoding=\"async\" class=\"swiper-slide-image\" src=\"https:\/\/myrhotels.com\/guia-turismo-valencia\/wp-content\/uploads\/2022\/08\/2.jpg\" alt=\"Hotel Palacio Vallier Valencia\" \/><\/figure><\/a><\/div>\t\t\t<\/div>\n\t\t\t\t\t\t\t\n\t\t\t\t\t\t\t\t\t<div class=\"swiper-pagination\"><\/div>\n\t\t\t\t\t\t\t\t\t<\/div>\n\t\t\t\t<\/div>\n\t\t\t\t<\/div>\n\t\t\t\t<div class=\"elementor-element elementor-element-044f9ff elementor-widget elementor-widget-heading\" data-id=\"044f9ff\" data-element_type=\"widget\" data-widget_type=\"heading.default\">\n\t\t\t\t<div class=\"elementor-widget-container\">\n\t\t\t<h3 class=\"elementor-heading-title elementor-size-default\">La Puerta de los ap\u00f3stoles de la Catedral de Valencia<\/h3>\t\t<\/div>\n\t\t\t\t<\/div>\n\t\t\t\t<div class=\"elementor-element elementor-element-9d87cda elementor-widget elementor-widget-text-editor\" data-id=\"9d87cda\" data-element_type=\"widget\" data-widget_type=\"text-editor.default\">\n\t\t\t\t<div class=\"elementor-widget-container\">\n\t\t\t\t\t\t\t<p>Uno de los elementos emblem\u00e1ticos que ver en la Plaza de la Virgen es la Puerta de los Ap\u00f3stoles de la <b>Catedral de Valencia<\/b>, uno de los tres portales majestuosos de esta famosa e hist\u00f3rica Iglesia.<\/p><p>Fue construida entre los siglos XIII y XIV,<span class=\"Apple-converted-space\">\u00a0 <\/span>con definido estilo g\u00f3tico y donde resaltan, a cada lado, 6 ap\u00f3stoles tallados en piedra.<span class=\"Apple-converted-space\">\u00a0<\/span><\/p>\t\t\t\t\t\t<\/div>\n\t\t\t\t<\/div>\n\t\t\t\t<div class=\"elementor-element elementor-element-b9d2139 elementor-icon-list--layout-traditional elementor-list-item-link-full_width elementor-widget elementor-widget-icon-list\" data-id=\"b9d2139\" data-element_type=\"widget\" data-widget_type=\"icon-list.default\">\n\t\t\t\t<div class=\"elementor-widget-container\">\n\t\t\t\t\t<ul class=\"elementor-icon-list-items\">\n\t\t\t\t\t\t\t<li class=\"elementor-icon-list-item\">\n\t\t\t\t\t\t\t\t\t\t\t<span class=\"elementor-icon-list-icon\">\n\t\t\t\t\t\t\t<i aria-hidden=\"true\" class=\"fas fa-map-marker-alt\"><\/i>\t\t\t\t\t\t<\/span>\n\t\t\t\t\t\t\t\t\t\t<span class=\"elementor-icon-list-text\">Puerta de los ap\u00f3stoles de la Catedral de Valencia<\/span>\n\t\t\t\t\t\t\t\t\t<\/li>\n\t\t\t\t\t\t<\/ul>\n\t\t\t\t<\/div>\n\t\t\t\t<\/div>\n\t\t\t\t<div class=\"elementor-element elementor-element-c135959 elementor-widget elementor-widget-image\" data-id=\"c135959\" data-element_type=\"widget\" data-widget_type=\"image.default\">\n\t\t\t\t<div class=\"elementor-widget-container\">\n\t\t\t\t\t\t\t\t\t\t\t\t\t<img decoding=\"async\" width=\"800\" height=\"456\" src=\"https:\/\/myrhotels.com\/guia-turismo-valencia\/wp-content\/uploads\/2023\/03\/Catedral-de-Valencia-2-1024x584.jpg\" class=\"attachment-large size-large wp-image-2257\" alt=\"Catedral de Valencia\" srcset=\"https:\/\/myrhotels.com\/guia-turismo-valencia\/wp-content\/uploads\/2023\/03\/Catedral-de-Valencia-2-1024x584.jpg 1024w, https:\/\/myrhotels.com\/guia-turismo-valencia\/wp-content\/uploads\/2023\/03\/Catedral-de-Valencia-2-300x171.jpg 300w, https:\/\/myrhotels.com\/guia-turismo-valencia\/wp-content\/uploads\/2023\/03\/Catedral-de-Valencia-2-768x438.jpg 768w, https:\/\/myrhotels.com\/guia-turismo-valencia\/wp-content\/uploads\/2023\/03\/Catedral-de-Valencia-2.jpg 1100w\" sizes=\"(max-width: 800px) 100vw, 800px\" \/>\t\t\t\t\t\t\t\t\t\t\t\t\t<\/div>\n\t\t\t\t<\/div>\n\t\t\t\t<div class=\"elementor-element elementor-element-a6c3611 elementor-align-center elementor-widget elementor-widget-button\" data-id=\"a6c3611\" data-element_type=\"widget\" data-widget_type=\"button.default\">\n\t\t\t\t<div class=\"elementor-widget-container\">\n\t\t\t\t\t<div class=\"elementor-button-wrapper\">\n\t\t\t<a class=\"elementor-button elementor-button-link elementor-size-sm\" href=\"https:\/\/myrhotels.com\/guia-turismo-valencia\/que-hacer-en-valencia\/cultura-valencia\/catedral-de-valencia-miguelete-santo-cadiz\/\" target=\"_blank\" palacio=\"\" marques=\"\">\n\t\t\t\t\t\t<span class=\"elementor-button-content-wrapper\">\n\t\t\t\t\t\t\t\t\t<span class=\"elementor-button-text\">VER M\u00c1S<\/span>\n\t\t\t\t\t<\/span>\n\t\t\t\t\t<\/a>\n\t\t<\/div>\n\t\t\t\t<\/div>\n\t\t\t\t<\/div>\n\t\t\t\t<div class=\"elementor-element elementor-element-2d8e62a elementor-widget-divider--view-line elementor-widget elementor-widget-divider\" data-id=\"2d8e62a\" data-element_type=\"widget\" data-widget_type=\"divider.default\">\n\t\t\t\t<div class=\"elementor-widget-container\">\n\t\t\t\t\t<div class=\"elementor-divider\">\n\t\t\t<span class=\"elementor-divider-separator\">\n\t\t\t\t\t\t<\/span>\n\t\t<\/div>\n\t\t\t\t<\/div>\n\t\t\t\t<\/div>\n\t\t\t\t<div class=\"elementor-element elementor-element-01eae00 elementor-widget elementor-widget-heading\" data-id=\"01eae00\" data-element_type=\"widget\" data-widget_type=\"heading.default\">\n\t\t\t\t<div class=\"elementor-widget-container\">\n\t\t\t<h2 class=\"elementor-heading-title elementor-size-default\">Qu\u00e9 m\u00e1s ver en la Plaza de la Virgen en Valencia: alrededores<\/h2>\t\t<\/div>\n\t\t\t\t<\/div>\n\t\t\t\t<div class=\"elementor-element elementor-element-f72d3c7 elementor-widget elementor-widget-text-editor\" data-id=\"f72d3c7\" data-element_type=\"widget\" data-widget_type=\"text-editor.default\">\n\t\t\t\t<div class=\"elementor-widget-container\">\n\t\t\t\t\t\t\t<p>Hasta en las diversas calles que sirven de acceso a la Plaza de Valencia podemos encontrar lugares fascinantes y de visita obligada.<span class=\"Apple-converted-space\">\u00a0<\/span><\/p><ul><li><b>El Palacio de Benicarl\u00f3<\/b>, tambi\u00e9n conocido como el Palacio de los Borgia, del siglo XV, ubicado en la calle Navellos.<\/li><li><b>La Plaza de la Reina<\/b>, al final de la calle del Micalet.<\/li><li><b>La Plaza de los Coros de la Virgen<\/b>, un peque\u00f1o espacio que colinda con la calle Almud\u00edn, en d\u00f3nde puedes visitar el <b>antiguo Almud\u00edn de la Ciudad, <\/b>declarado Monumento Hist\u00f3rico Art\u00edstico y Bien de Inter\u00e9s Cultural. Actualmente el Almud\u00edn sirve de centro cultural, para la presentaci\u00f3n de exposiciones de arte.<span class=\"Apple-converted-space\">\u00a0<\/span><\/li><li><b>El Palacio de la Generalitat<\/b>, detr\u00e1s del jard\u00edn de la Generalitat que se observa desde la plaza de la Virgen en Valencia.<span class=\"Apple-converted-space\">\u00a0<\/span><\/li><li>Adem\u00e1s, si te detienes frente al Dios Neptuno y diriges tu mirada hacia arriba, a la derecha de la Bas\u00edlica, ver\u00e1s el campanario de La Torre El Miguelete.<\/li><\/ul>\t\t\t\t\t\t<\/div>\n\t\t\t\t<\/div>\n\t\t\t\t<div class=\"elementor-element elementor-element-e0c5110 elementor-widget elementor-widget-heading\" data-id=\"e0c5110\" data-element_type=\"widget\" data-widget_type=\"heading.default\">\n\t\t\t\t<div class=\"elementor-widget-container\">\n\t\t\t<h2 class=\"elementor-heading-title elementor-size-default\">Acontecimientos importantes que acoge al plaza de la Virgen<\/h2>\t\t<\/div>\n\t\t\t\t<\/div>\n\t\t\t\t<div class=\"elementor-element elementor-element-cb6c7bc elementor-widget elementor-widget-text-editor\" data-id=\"cb6c7bc\" data-element_type=\"widget\" data-widget_type=\"text-editor.default\">\n\t\t\t\t<div class=\"elementor-widget-container\">\n\t\t\t\t\t\t\t<p>Adem\u00e1s de los diversos lugares que ver en la Plaza de la Virgen, tambi\u00e9n tienes diversos <b>acontecimientos, festividades y actos que presenciar<\/b>:<span class=\"Apple-converted-space\">\u00a0<\/span><\/p>\t\t\t\t\t\t<\/div>\n\t\t\t\t<\/div>\n\t\t\t\t<div class=\"elementor-element elementor-element-80a254a elementor-widget elementor-widget-heading\" data-id=\"80a254a\" data-element_type=\"widget\" data-widget_type=\"heading.default\">\n\t\t\t\t<div class=\"elementor-widget-container\">\n\t\t\t<h3 class=\"elementor-heading-title elementor-size-default\">El Tribunal de las Aguas, patrimonio Cultural Inmaterial de la Humanidad, el m\u00e1s antiguo de Europa<\/h3>\t\t<\/div>\n\t\t\t\t<\/div>\n\t\t\t\t<div class=\"elementor-element elementor-element-81acedb elementor-widget elementor-widget-text-editor\" data-id=\"81acedb\" data-element_type=\"widget\" data-widget_type=\"text-editor.default\">\n\t\t\t\t<div class=\"elementor-widget-container\">\n\t\t\t\t\t\t\t<p><b>El Tribunal de las Aguas<\/b> es una instituci\u00f3n de Justicia que tiene su origen siglos atr\u00e1s, en la Valencia musulmana. Se reun\u00eda en la mezquita de la comarca y ten\u00edan por objeto resolver eficazmente todos aquellos conflictos que se derivasen del uso, distribuci\u00f3n o aprovechamientos del agua que recorr\u00eda por las 8 acequias del R\u00edo Turia.<\/p><p>Este Tribunal conserva a\u00fan el mismo poder de regir sobre el sistema de irrigaci\u00f3n de los huertos valencianos, por lo que contin\u00faa constituy\u00e9ndose <b>todos los jueves al mediod\u00eda<\/b> en el mismo sitio de aquella antigua mezquita, exactamente en <b>la Puerta de los Ap\u00f3stoles<\/b> de la Catedral.<\/p><p>Lleva a cabo un juicio oral y p\u00fablico. <b>Ac\u00e9rcate y presencia esta tradici\u00f3n viva <\/b>de nuestro acervo cultural.<\/p>\t\t\t\t\t\t<\/div>\n\t\t\t\t<\/div>\n\t\t\t\t<div class=\"elementor-element elementor-element-d725772 elementor-widget elementor-widget-heading\" data-id=\"d725772\" data-element_type=\"widget\" data-widget_type=\"heading.default\">\n\t\t\t\t<div class=\"elementor-widget-container\">\n\t\t\t<h3 class=\"elementor-heading-title elementor-size-default\">La ofrenda de flores a la Virgen de los Desamparados<\/h3>\t\t<\/div>\n\t\t\t\t<\/div>\n\t\t\t\t<div class=\"elementor-element elementor-element-c704268 elementor-widget elementor-widget-text-editor\" data-id=\"c704268\" data-element_type=\"widget\" data-widget_type=\"text-editor.default\">\n\t\t\t\t<div class=\"elementor-widget-container\">\n\t\t\t\t\t\t\t<p><b>El 17 y 18 de marzo de todos los a\u00f1os<\/b>, cada una de las comisiones falleras desfilan hasta la Plaza de la Virgen, donde las falleras en agradecimiento ofrecen un ramillete de claveles a la patrona de la ciudad.<\/p><p>En la plaza les espera una representaci\u00f3n de la Virgen de <b>m\u00e1s de 15 m de altura<\/b>, cuyo manto es una estructura de madera en la que se van insertando, uno a uno, los miles de claveles recibidos en las ofrendas. As\u00ed se teje un espectacular <b>manto de flores blancas con art\u00edsticos detalles bordados con flores rojas y rosadas<\/b>.<\/p><p>Es una<b> tradici\u00f3n de enorme emotividad<\/b>, un acto espectacular que deslumbra la vista y enamora con el perfume exquisito que inunda la plaza.<\/p>\t\t\t\t\t\t<\/div>\n\t\t\t\t<\/div>\n\t\t\t\t<div class=\"elementor-element elementor-element-10cd367 elementor-widget elementor-widget-heading\" data-id=\"10cd367\" data-element_type=\"widget\" data-widget_type=\"heading.default\">\n\t\t\t\t<div class=\"elementor-widget-container\">\n\t\t\t<h3 class=\"elementor-heading-title elementor-size-default\">La exposici\u00f3n de las Rocas en el Corpus Christi<\/h3>\t\t<\/div>\n\t\t\t\t<\/div>\n\t\t\t\t<div class=\"elementor-element elementor-element-2982317 elementor-widget elementor-widget-text-editor\" data-id=\"2982317\" data-element_type=\"widget\" data-widget_type=\"text-editor.default\">\n\t\t\t\t<div class=\"elementor-widget-container\">\n\t\t\t\t\t\t\t<p><b>Las Rocas<\/b> son fastuosos y antiguos carros triunfales que datan de diversos siglos, que llevan enormes y significativas figuras religiosas<\/p><p>Durante el <b>Corpus Christi<\/b> estas rocas son empujadas, otras son tiradas por engalanados caballos, vestidos con espectaculares aparejos y cabezales, para recorrer el mismo trayecto que m\u00e1s tarde realizar\u00e1 la procesi\u00f3n. Todas las rocas son finalmente depositadas en la Plaza de la Virgen, ante la Bas\u00edlica de la Virgen de los Desamparados.<span class=\"Apple-converted-space\">\u00a0<\/span><\/p>\t\t\t\t\t\t<\/div>\n\t\t\t\t<\/div>\n\t\t\t\t<div class=\"elementor-element elementor-element-1219979 elementor-widget elementor-widget-heading\" data-id=\"1219979\" data-element_type=\"widget\" data-widget_type=\"heading.default\">\n\t\t\t\t<div class=\"elementor-widget-container\">\n\t\t\t<h3 class=\"elementor-heading-title elementor-size-default\">La Danza de la Moma <\/h3>\t\t<\/div>\n\t\t\t\t<\/div>\n\t\t\t\t<div class=\"elementor-element elementor-element-9513ab7 elementor-widget elementor-widget-text-editor\" data-id=\"9513ab7\" data-element_type=\"widget\" data-widget_type=\"text-editor.default\">\n\t\t\t\t<div class=\"elementor-widget-container\">\n\t\t\t\t\t\t\t<p><b>La Danza de la Moma <\/b>es parte del patrimonio popular-folcl\u00f3rico de la identidad valenciana, llevada a cabo en las festividades del Corpus Christi, en plena Plaza de la Virgen. Es una danza simb\u00f3lica al comp\u00e1s de una dulzaina y un tabal, en la que se interpreta la eterna batalla de la vida, <b>la lucha entre la virtud y los pecados capitales<\/b>.<span class=\"Apple-converted-space\">\u00a0<\/span><\/p><p>Los <b>Momos <\/b>representan los pecados capitales, se visten de atuendos rojos y negros y danzan alrededor de la Moma. Mientras que<b> la Moma <\/b>representa la virtud o la Gracia, por lo que baila vestida toda de blanco. El final es aleccionador, la virtud, como siempre, derrota a todos los pecados. <span class=\"Apple-converted-space\">\u00a0<\/span><\/p>\t\t\t\t\t\t<\/div>\n\t\t\t\t<\/div>\n\t\t\t\t<div class=\"elementor-element elementor-element-405947e elementor-widget elementor-widget-heading\" data-id=\"405947e\" data-element_type=\"widget\" data-widget_type=\"heading.default\">\n\t\t\t\t<div class=\"elementor-widget-container\">\n\t\t\t<h2 class=\"elementor-heading-title elementor-size-default\">C\u00f3mo llegar a la Plaza de la Virgen en Valencia<\/h2>\t\t<\/div>\n\t\t\t\t<\/div>\n\t\t\t\t<div class=\"elementor-element elementor-element-4e57fe7 elementor-widget elementor-widget-text-editor\" data-id=\"4e57fe7\" data-element_type=\"widget\" data-widget_type=\"text-editor.default\">\n\t\t\t\t<div class=\"elementor-widget-container\">\n\t\t\t\t\t\t\t<p>La Plaza de la Virgen se encuentra en el casco hist\u00f3rico de Valencia. Las principales <b>calles de acceso<\/b> son: la calle de Navellos (norte), la calle del Cavallers (oeste) y la Calle del Micalet (sur).<\/p><p>\u00bfC\u00f3mo llegar a la plaza de la Virgen? Puedes hacerlo mediante el <b>metrovalencia <\/b>(l\u00ednea 1), el <b>tren <\/b>(l\u00edneas C2 o C3), en <b>autob\u00fas <\/b>(l\u00edneas 160, 26, 27,<span class=\"Apple-converted-space\">\u00a0 <\/span>60 o C1) o la opci\u00f3n de llamar a un <b>taxi <\/b>a trav\u00e9s de alguna conocida aplicaci\u00f3n.<\/p>\t\t\t\t\t\t<\/div>\n\t\t\t\t<\/div>\n\t\t\t\t<div class=\"elementor-element elementor-element-b10b4ba elementor-widget elementor-widget-text-editor\" data-id=\"b10b4ba\" data-element_type=\"widget\" data-widget_type=\"text-editor.default\">\n\t\t\t\t<div class=\"elementor-widget-container\">\n\t\t\t\t\t\t\t<p>Ahora que sabes c\u00f3mo llegar a la Plaza de la Virgen y todo lo que te espera en ella, solo tienes una opci\u00f3n, acumular experiencias \u00fanicas en Valencia. Te esperamos.<span class=\"Apple-converted-space\">\u00a0<\/span><\/p>\t\t\t\t\t\t<\/div>\n\t\t\t\t<\/div>\n\t\t\t\t\t<\/div>\n\t\t<\/div>\n\t\t\t\t<div class=\"elementor-column elementor-col-50 elementor-top-column elementor-element elementor-element-cc5b2b8\" data-id=\"cc5b2b8\" data-element_type=\"column\">\n\t\t\t<div class=\"elementor-widget-wrap elementor-element-populated\">\n\t\t\t\t\t\t<section class=\"elementor-section elementor-inner-section elementor-element elementor-element-a516805 elementor-section-boxed elementor-section-height-default elementor-section-height-default\" data-id=\"a516805\" data-element_type=\"section\" data-settings=\"{&quot;jet_parallax_layout_list&quot;:[]}\">\n\t\t\t\t\t\t<div class=\"elementor-container elementor-column-gap-default\">\n\t\t\t\t\t<div class=\"elementor-column elementor-col-100 elementor-inner-column elementor-element elementor-element-29e4cf3\" data-id=\"29e4cf3\" data-element_type=\"column\">\n\t\t\t<div class=\"elementor-widget-wrap elementor-element-populated\">\n\t\t\t\t\t\t<div class=\"elementor-element elementor-element-e65782c elementor-widget elementor-widget-image\" data-id=\"e65782c\" data-element_type=\"widget\" data-widget_type=\"image.default\">\n\t\t\t\t<div class=\"elementor-widget-container\">\n\t\t\t\t\t\t\t\t\t\t\t\t\t\t<a href=\"https:\/\/myrhotels.com\/\" target=\"_blank\">\n\t\t\t\t\t\t\t<img loading=\"lazy\" decoding=\"async\" width=\"432\" height=\"768\" src=\"https:\/\/myrhotels.com\/guia-turismo-valencia\/wp-content\/uploads\/2024\/08\/guia-de-turismo-1.gif\" class=\"attachment-large size-large wp-image-2724\" alt=\"\" \/>\t\t\t\t\t\t\t\t<\/a>\n\t\t\t\t\t\t\t\t\t\t\t\t\t<\/div>\n\t\t\t\t<\/div>\n\t\t\t\t\t<\/div>\n\t\t<\/div>\n\t\t\t\t\t<\/div>\n\t\t<\/section>\n\t\t\t\t\t<\/div>\n\t\t<\/div>\n\t\t\t\t\t<\/div>\n\t\t<\/section>\n\t\t\t\t<section class=\"elementor-section elementor-top-section elementor-element elementor-element-61638e7 elementor-section-boxed elementor-section-height-default elementor-section-height-default\" data-id=\"61638e7\" data-element_type=\"section\" data-settings=\"{&quot;jet_parallax_layout_list&quot;:[]}\">\n\t\t\t\t\t\t<div class=\"elementor-container elementor-column-gap-default\">\n\t\t\t\t\t<div class=\"elementor-column elementor-col-100 elementor-top-column elementor-element elementor-element-e2c6ae2\" data-id=\"e2c6ae2\" data-element_type=\"column\">\n\t\t\t<div class=\"elementor-widget-wrap elementor-element-populated\">\n\t\t\t\t\t\t<div class=\"elementor-element elementor-element-95b1e82 elementor-widget-divider--view-line elementor-widget elementor-widget-divider\" data-id=\"95b1e82\" data-element_type=\"widget\" data-widget_type=\"divider.default\">\n\t\t\t\t<div class=\"elementor-widget-container\">\n\t\t\t\t\t<div class=\"elementor-divider\">\n\t\t\t<span class=\"elementor-divider-separator\">\n\t\t\t\t\t\t<\/span>\n\t\t<\/div>\n\t\t\t\t<\/div>\n\t\t\t\t<\/div>\n\t\t\t\t<div class=\"elementor-element elementor-element-2bfdacb elementor-widget elementor-widget-heading\" data-id=\"2bfdacb\" data-element_type=\"widget\" data-widget_type=\"heading.default\">\n\t\t\t\t<div class=\"elementor-widget-container\">\n\t\t\t<span class=\"elementor-heading-title elementor-size-default\">TAMBI\u00c9N TE PUEDE INTERESAR<\/span>\t\t<\/div>\n\t\t\t\t<\/div>\n\t\t\t\t\t<\/div>\n\t\t<\/div>\n\t\t\t\t\t<\/div>\n\t\t<\/section>\n\t\t\t\t<section class=\"elementor-section elementor-top-section elementor-element elementor-element-60ce910 elementor-section-boxed elementor-section-height-default elementor-section-height-default\" data-id=\"60ce910\" data-element_type=\"section\" data-settings=\"{&quot;jet_parallax_layout_list&quot;:[],&quot;background_background&quot;:&quot;classic&quot;}\">\n\t\t\t\t\t\t<div class=\"elementor-container elementor-column-gap-default\">\n\t\t\t\t\t<div class=\"elementor-column elementor-col-100 elementor-top-column elementor-element elementor-element-f32e7eb\" data-id=\"f32e7eb\" data-element_type=\"column\" data-settings=\"{&quot;background_background&quot;:&quot;classic&quot;}\">\n\t\t\t<div class=\"elementor-widget-wrap elementor-element-populated\">\n\t\t\t\t\t\t<div class=\"elementor-element elementor-element-3f42415 elementor-widget elementor-widget-heading\" data-id=\"3f42415\" data-element_type=\"widget\" data-widget_type=\"heading.default\">\n\t\t\t\t<div class=\"elementor-widget-container\">\n\t\t\t<span class=\"elementor-heading-title elementor-size-default\"><a href=\"https:\/\/myrhotels.com\/guia-turismo-valencia\/que-ver-en-valencia\/jardin-del-turia-valencia\/\" target=\"_blank\">JARD\u00cdN DEL TURIA<\/a><\/span>\t\t<\/div>\n\t\t\t\t<\/div>\n\t\t\t\t<div class=\"elementor-element elementor-element-de56202 elementor-widget elementor-widget-heading\" data-id=\"de56202\" data-element_type=\"widget\" data-widget_type=\"heading.default\">\n\t\t\t\t<div class=\"elementor-widget-container\">\n\t\t\t<span class=\"elementor-heading-title elementor-size-default\"><a href=\"https:\/\/myrhotels.com\/guia-turismo-valencia\/que-ver-en-valencia\/jardin-del-turia-valencia\/\" target=\"_blank\">EL PARQUE URBANO M\u00c1S GRANDE DE ESPA\u00d1A<\/a><\/span>\t\t<\/div>\n\t\t\t\t<\/div>\n\t\t\t\t<div class=\"elementor-element elementor-element-7d29bb3 elementor-align-center elementor-widget elementor-widget-button\" data-id=\"7d29bb3\" data-element_type=\"widget\" data-widget_type=\"button.default\">\n\t\t\t\t<div class=\"elementor-widget-container\">\n\t\t\t\t\t<div class=\"elementor-button-wrapper\">\n\t\t\t<a class=\"elementor-button elementor-button-link elementor-size-sm\" href=\"https:\/\/myrhotels.com\/guia-turismo-valencia\/que-ver-en-valencia\/jardin-del-turia-valencia\/\" target=\"_blank\">\n\t\t\t\t\t\t<span class=\"elementor-button-content-wrapper\">\n\t\t\t\t\t\t\t\t\t<span class=\"elementor-button-text\">Ver post<\/span>\n\t\t\t\t\t<\/span>\n\t\t\t\t\t<\/a>\n\t\t<\/div>\n\t\t\t\t<\/div>\n\t\t\t\t<\/div>\n\t\t\t\t\t<\/div>\n\t\t<\/div>\n\t\t\t\t\t<\/div>\n\t\t<\/section>\n\t\t\t\t<section class=\"elementor-section elementor-inner-section elementor-element elementor-element-7d4134e elementor-section-boxed elementor-section-height-default elementor-section-height-default\" data-id=\"7d4134e\" data-element_type=\"section\" data-settings=\"{&quot;jet_parallax_layout_list&quot;:[],&quot;background_background&quot;:&quot;classic&quot;}\">\n\t\t\t\t\t\t<div class=\"elementor-container elementor-column-gap-default\">\n\t\t\t\t\t<div class=\"elementor-column elementor-col-100 elementor-inner-column elementor-element elementor-element-8574fa7 elementor-hidden-desktop elementor-hidden-tablet elementor-hidden-mobile\" data-id=\"8574fa7\" data-element_type=\"column\">\n\t\t\t<div class=\"elementor-widget-wrap elementor-element-populated\">\n\t\t\t\t\t\t<div class=\"elementor-element elementor-element-3119dd9 elementor-widget__width-auto elementor-widget elementor-widget-heading\" data-id=\"3119dd9\" data-element_type=\"widget\" data-widget_type=\"heading.default\">\n\t\t\t\t<div class=\"elementor-widget-container\">\n\t\t\t<h2 class=\"elementor-heading-title elementor-size-default\">Mercadillo de coleccionismo<\/h2>\t\t<\/div>\n\t\t\t\t<\/div>\n\t\t\t\t<div class=\"elementor-element elementor-element-f1984a8 elementor-widget-divider--view-line elementor-widget elementor-widget-divider\" data-id=\"f1984a8\" data-element_type=\"widget\" data-widget_type=\"divider.default\">\n\t\t\t\t<div class=\"elementor-widget-container\">\n\t\t\t\t\t<div class=\"elementor-divider\">\n\t\t\t<span class=\"elementor-divider-separator\">\n\t\t\t\t\t\t<\/span>\n\t\t<\/div>\n\t\t\t\t<\/div>\n\t\t\t\t<\/div>\n\t\t\t\t<div class=\"elementor-element elementor-element-4dcf3f1 elementor-widget elementor-widget-text-editor\" data-id=\"4dcf3f1\" data-element_type=\"widget\" data-widget_type=\"text-editor.default\">\n\t\t\t\t<div class=\"elementor-widget-container\">\n\t\t\t\t\t\t\tLos domingos, de 10 h a 13 h, y frente a la Lonja, hay un mercadillo de intercambio, compra y venta de objetos antiguos de colecci\u00f3n. Puedes encontrar sellos, monedas, billetes, postales, tebeos, vinilos, cartas, libros\u2026\t\t\t\t\t\t<\/div>\n\t\t\t\t<\/div>\n\t\t\t\t\t<\/div>\n\t\t<\/div>\n\t\t\t\t\t<\/div>\n\t\t<\/section>\n\t\t\t\t<\/div>\n\t\t","protected":false},"excerpt":{"rendered":"<p>Plaza de la Virgen en Valencia: c\u00f3mo llegar, qu\u00e9 ver, por qu\u00e9 debes visitarla Home Plaza de la Virgen, la m\u00e1s hermosa de la ciudad La Plaza de la Virgen est\u00e1 construida sobre un antiguo foro romano. As\u00ed que, a trav\u00e9s de 2.000 a\u00f1os ha sido un lugar de reuni\u00f3n de ciudadanos y visitantes, tambi\u00e9n [&hellip;]<\/p>\n","protected":false},"author":1,"featured_media":1575,"comment_status":"closed","ping_status":"closed","sticky":false,"template":"","format":"standard","meta":{"footnotes":""},"categories":[7,15,5,1],"tags":[61,62,51,52,38],"class_list":["post-1984","post","type-post","status-publish","format-standard","has-post-thumbnail","hentry","category-accesibilidad","category-imprescindibles-en-valencia","category-que-hacer-en-valencia","category-que-ver-en-valencia","tag-plaza-de-la-virgen","tag-plaza-de-la-virgen-en-valencia","tag-que-hacer-en-valencia","tag-que-ver-en-valencia","tag-valencia"],"yoast_head":"<!-- This site is optimized with the Yoast SEO plugin v22.1 - https:\/\/yoast.com\/wordpress\/plugins\/seo\/ -->\n<title>Plaza de la Virgen en Valencia - MYR Hotels<\/title>\n<meta name=\"description\" content=\"\u00bfC\u00f3mo llegar a la Plaza de la Virgen en Valencia? \u00bfQu\u00e9 ver? \u00bfPor qu\u00e9 visitarla? Sigue leyendo y desc\u00fabrelo todo.\" \/>\n<meta name=\"robots\" content=\"index, follow, max-snippet:-1, max-image-preview:large, max-video-preview:-1\" \/>\n<link rel=\"canonical\" href=\"https:\/\/myrhotels.com\/guia-turismo-valencia\/que-ver-en-valencia\/plaza-de-la-virgen-en-valencia\/\" \/>\n<meta property=\"og:locale\" content=\"es_ES\" \/>\n<meta property=\"og:type\" content=\"article\" \/>\n<meta property=\"og:title\" content=\"Plaza de la Virgen en Valencia - MYR Hotels\" \/>\n<meta property=\"og:description\" content=\"\u00bfC\u00f3mo llegar a la Plaza de la Virgen en Valencia? \u00bfQu\u00e9 ver? \u00bfPor qu\u00e9 visitarla? Sigue leyendo y desc\u00fabrelo todo.\" \/>\n<meta property=\"og:url\" content=\"https:\/\/myrhotels.com\/guia-turismo-valencia\/que-ver-en-valencia\/plaza-de-la-virgen-en-valencia\/\" \/>\n<meta property=\"og:site_name\" content=\"MYR Hotels\" \/>\n<meta property=\"article:published_time\" content=\"2023-07-29T07:48:32+00:00\" \/>\n<meta property=\"article:modified_time\" content=\"2024-08-30T06:40:20+00:00\" \/>\n<meta property=\"og:image\" content=\"https:\/\/myrhotels.com\/guia-turismo-valencia\/wp-content\/uploads\/2022\/10\/Plaza_de_la_Virgen_Valencia_Espana_2014-06-30_DD_163-scaled.jpg\" \/>\n\t<meta property=\"og:image:width\" content=\"2560\" \/>\n\t<meta property=\"og:image:height\" content=\"1549\" \/>\n\t<meta property=\"og:image:type\" content=\"image\/jpeg\" \/>\n<meta name=\"author\" content=\"admin\" \/>\n<meta name=\"twitter:card\" content=\"summary_large_image\" \/>\n<meta name=\"twitter:label1\" content=\"Escrito por\" \/>\n\t<meta name=\"twitter:data1\" content=\"admin\" \/>\n\t<meta name=\"twitter:label2\" content=\"Tiempo de lectura\" \/>\n\t<meta name=\"twitter:data2\" content=\"10 minutos\" \/>\n<script type=\"application\/ld+json\" class=\"yoast-schema-graph\">{\"@context\":\"https:\/\/schema.org\",\"@graph\":[{\"@type\":\"Article\",\"@id\":\"https:\/\/myrhotels.com\/guia-turismo-valencia\/que-ver-en-valencia\/plaza-de-la-virgen-en-valencia\/#article\",\"isPartOf\":{\"@id\":\"https:\/\/myrhotels.com\/guia-turismo-valencia\/que-ver-en-valencia\/plaza-de-la-virgen-en-valencia\/\"},\"author\":{\"name\":\"admin\",\"@id\":\"https:\/\/myrhotels.com\/guia-turismo-valencia\/#\/schema\/person\/02d5f06989731ab0e7483e89984dad96\"},\"headline\":\"Plaza de la Virgen en Valencia: c\u00f3mo llegar, qu\u00e9 ver, por qu\u00e9 debes visitarla\",\"datePublished\":\"2023-07-29T07:48:32+00:00\",\"dateModified\":\"2024-08-30T06:40:20+00:00\",\"mainEntityOfPage\":{\"@id\":\"https:\/\/myrhotels.com\/guia-turismo-valencia\/que-ver-en-valencia\/plaza-de-la-virgen-en-valencia\/\"},\"wordCount\":1760,\"publisher\":{\"@id\":\"https:\/\/myrhotels.com\/guia-turismo-valencia\/#organization\"},\"keywords\":[\"Plaza de la Virgen\",\"Plaza de la Virgen en Valencia\",\"Qu\u00e9 hacer en Valencia\",\"Qu\u00e9 ver en Valencia\",\"Valencia\"],\"articleSection\":[\"C\u00f3mo moverse\",\"Imprescindibles\",\"Qu\u00e9 hacer\",\"Qu\u00e9 ver\"],\"inLanguage\":\"es\"},{\"@type\":\"WebPage\",\"@id\":\"https:\/\/myrhotels.com\/guia-turismo-valencia\/que-ver-en-valencia\/plaza-de-la-virgen-en-valencia\/\",\"url\":\"https:\/\/myrhotels.com\/guia-turismo-valencia\/que-ver-en-valencia\/plaza-de-la-virgen-en-valencia\/\",\"name\":\"Plaza de la Virgen en Valencia - MYR Hotels\",\"isPartOf\":{\"@id\":\"https:\/\/myrhotels.com\/guia-turismo-valencia\/#website\"},\"datePublished\":\"2023-07-29T07:48:32+00:00\",\"dateModified\":\"2024-08-30T06:40:20+00:00\",\"description\":\"\u00bfC\u00f3mo llegar a la Plaza de la Virgen en Valencia? \u00bfQu\u00e9 ver? \u00bfPor qu\u00e9 visitarla? Sigue leyendo y desc\u00fabrelo todo.\",\"breadcrumb\":{\"@id\":\"https:\/\/myrhotels.com\/guia-turismo-valencia\/que-ver-en-valencia\/plaza-de-la-virgen-en-valencia\/#breadcrumb\"},\"inLanguage\":\"es\",\"potentialAction\":[{\"@type\":\"ReadAction\",\"target\":[\"https:\/\/myrhotels.com\/guia-turismo-valencia\/que-ver-en-valencia\/plaza-de-la-virgen-en-valencia\/\"]}]},{\"@type\":\"BreadcrumbList\",\"@id\":\"https:\/\/myrhotels.com\/guia-turismo-valencia\/que-ver-en-valencia\/plaza-de-la-virgen-en-valencia\/#breadcrumb\",\"itemListElement\":[{\"@type\":\"ListItem\",\"position\":1,\"name\":\"Portada\",\"item\":\"https:\/\/myrhotels.com\/guia-turismo-valencia\/\"},{\"@type\":\"ListItem\",\"position\":2,\"name\":\"Plaza de la Virgen en Valencia: c\u00f3mo llegar, qu\u00e9 ver, por qu\u00e9 debes visitarla\"}]},{\"@type\":\"WebSite\",\"@id\":\"https:\/\/myrhotels.com\/guia-turismo-valencia\/#website\",\"url\":\"https:\/\/myrhotels.com\/guia-turismo-valencia\/\",\"name\":\"MYR Hotels\",\"description\":\"Gu\u00eda Turismo\",\"publisher\":{\"@id\":\"https:\/\/myrhotels.com\/guia-turismo-valencia\/#organization\"},\"potentialAction\":[{\"@type\":\"SearchAction\",\"target\":{\"@type\":\"EntryPoint\",\"urlTemplate\":\"https:\/\/myrhotels.com\/guia-turismo-valencia\/?s={search_term_string}\"},\"query-input\":\"required name=search_term_string\"}],\"inLanguage\":\"es\"},{\"@type\":\"Organization\",\"@id\":\"https:\/\/myrhotels.com\/guia-turismo-valencia\/#organization\",\"name\":\"MYR Hotels\",\"url\":\"https:\/\/myrhotels.com\/guia-turismo-valencia\/\",\"logo\":{\"@type\":\"ImageObject\",\"inLanguage\":\"es\",\"@id\":\"https:\/\/myrhotels.com\/guia-turismo-valencia\/#\/schema\/logo\/image\/\",\"url\":\"https:\/\/myrhotels.com\/guia-turismo-valencia\/wp-content\/uploads\/2022\/07\/Logo_MYR-01.png\",\"contentUrl\":\"https:\/\/myrhotels.com\/guia-turismo-valencia\/wp-content\/uploads\/2022\/07\/Logo_MYR-01.png\",\"width\":972,\"height\":534,\"caption\":\"MYR Hotels\"},\"image\":{\"@id\":\"https:\/\/myrhotels.com\/guia-turismo-valencia\/#\/schema\/logo\/image\/\"}},{\"@type\":\"Person\",\"@id\":\"https:\/\/myrhotels.com\/guia-turismo-valencia\/#\/schema\/person\/02d5f06989731ab0e7483e89984dad96\",\"name\":\"admin\",\"image\":{\"@type\":\"ImageObject\",\"inLanguage\":\"es\",\"@id\":\"https:\/\/myrhotels.com\/guia-turismo-valencia\/#\/schema\/person\/image\/\",\"url\":\"https:\/\/secure.gravatar.com\/avatar\/14a052f98364eafdadd3e7bdfab3b6d77f8eee9143bf9049553e0ac3dce73dc6?s=96&d=mm&r=g\",\"contentUrl\":\"https:\/\/secure.gravatar.com\/avatar\/14a052f98364eafdadd3e7bdfab3b6d77f8eee9143bf9049553e0ac3dce73dc6?s=96&d=mm&r=g\",\"caption\":\"admin\"},\"sameAs\":[\"https:\/\/myrhotels.com\/guia-turismo-valencia\"],\"url\":\"https:\/\/myrhotels.com\/guia-turismo-valencia\/author\/myr\/\"}]}<\/script>\n<!-- \/ Yoast SEO plugin. -->","yoast_head_json":{"title":"Plaza de la Virgen en Valencia - MYR Hotels","description":"\u00bfC\u00f3mo llegar a la Plaza de la Virgen en Valencia? \u00bfQu\u00e9 ver? \u00bfPor qu\u00e9 visitarla? Sigue leyendo y desc\u00fabrelo todo.","robots":{"index":"index","follow":"follow","max-snippet":"max-snippet:-1","max-image-preview":"max-image-preview:large","max-video-preview":"max-video-preview:-1"},"canonical":"https:\/\/myrhotels.com\/guia-turismo-valencia\/que-ver-en-valencia\/plaza-de-la-virgen-en-valencia\/","og_locale":"es_ES","og_type":"article","og_title":"Plaza de la Virgen en Valencia - MYR Hotels","og_description":"\u00bfC\u00f3mo llegar a la Plaza de la Virgen en Valencia? \u00bfQu\u00e9 ver? \u00bfPor qu\u00e9 visitarla? Sigue leyendo y desc\u00fabrelo todo.","og_url":"https:\/\/myrhotels.com\/guia-turismo-valencia\/que-ver-en-valencia\/plaza-de-la-virgen-en-valencia\/","og_site_name":"MYR Hotels","article_published_time":"2023-07-29T07:48:32+00:00","article_modified_time":"2024-08-30T06:40:20+00:00","og_image":[{"width":2560,"height":1549,"url":"https:\/\/myrhotels.com\/guia-turismo-valencia\/wp-content\/uploads\/2022\/10\/Plaza_de_la_Virgen_Valencia_Espana_2014-06-30_DD_163-scaled.jpg","type":"image\/jpeg"}],"author":"admin","twitter_card":"summary_large_image","twitter_misc":{"Escrito por":"admin","Tiempo de lectura":"10 minutos"},"schema":{"@context":"https:\/\/schema.org","@graph":[{"@type":"Article","@id":"https:\/\/myrhotels.com\/guia-turismo-valencia\/que-ver-en-valencia\/plaza-de-la-virgen-en-valencia\/#article","isPartOf":{"@id":"https:\/\/myrhotels.com\/guia-turismo-valencia\/que-ver-en-valencia\/plaza-de-la-virgen-en-valencia\/"},"author":{"name":"admin","@id":"https:\/\/myrhotels.com\/guia-turismo-valencia\/#\/schema\/person\/02d5f06989731ab0e7483e89984dad96"},"headline":"Plaza de la Virgen en Valencia: c\u00f3mo llegar, qu\u00e9 ver, por qu\u00e9 debes visitarla","datePublished":"2023-07-29T07:48:32+00:00","dateModified":"2024-08-30T06:40:20+00:00","mainEntityOfPage":{"@id":"https:\/\/myrhotels.com\/guia-turismo-valencia\/que-ver-en-valencia\/plaza-de-la-virgen-en-valencia\/"},"wordCount":1760,"publisher":{"@id":"https:\/\/myrhotels.com\/guia-turismo-valencia\/#organization"},"keywords":["Plaza de la Virgen","Plaza de la Virgen en Valencia","Qu\u00e9 hacer en Valencia","Qu\u00e9 ver en Valencia","Valencia"],"articleSection":["C\u00f3mo moverse","Imprescindibles","Qu\u00e9 hacer","Qu\u00e9 ver"],"inLanguage":"es"},{"@type":"WebPage","@id":"https:\/\/myrhotels.com\/guia-turismo-valencia\/que-ver-en-valencia\/plaza-de-la-virgen-en-valencia\/","url":"https:\/\/myrhotels.com\/guia-turismo-valencia\/que-ver-en-valencia\/plaza-de-la-virgen-en-valencia\/","name":"Plaza de la Virgen en Valencia - MYR Hotels","isPartOf":{"@id":"https:\/\/myrhotels.com\/guia-turismo-valencia\/#website"},"datePublished":"2023-07-29T07:48:32+00:00","dateModified":"2024-08-30T06:40:20+00:00","description":"\u00bfC\u00f3mo llegar a la Plaza de la Virgen en Valencia? \u00bfQu\u00e9 ver? \u00bfPor qu\u00e9 visitarla? Sigue leyendo y desc\u00fabrelo todo.","breadcrumb":{"@id":"https:\/\/myrhotels.com\/guia-turismo-valencia\/que-ver-en-valencia\/plaza-de-la-virgen-en-valencia\/#breadcrumb"},"inLanguage":"es","potentialAction":[{"@type":"ReadAction","target":["https:\/\/myrhotels.com\/guia-turismo-valencia\/que-ver-en-valencia\/plaza-de-la-virgen-en-valencia\/"]}]},{"@type":"BreadcrumbList","@id":"https:\/\/myrhotels.com\/guia-turismo-valencia\/que-ver-en-valencia\/plaza-de-la-virgen-en-valencia\/#breadcrumb","itemListElement":[{"@type":"ListItem","position":1,"name":"Portada","item":"https:\/\/myrhotels.com\/guia-turismo-valencia\/"},{"@type":"ListItem","position":2,"name":"Plaza de la Virgen en Valencia: c\u00f3mo llegar, qu\u00e9 ver, por qu\u00e9 debes visitarla"}]},{"@type":"WebSite","@id":"https:\/\/myrhotels.com\/guia-turismo-valencia\/#website","url":"https:\/\/myrhotels.com\/guia-turismo-valencia\/","name":"MYR Hotels","description":"Gu\u00eda Turismo","publisher":{"@id":"https:\/\/myrhotels.com\/guia-turismo-valencia\/#organization"},"potentialAction":[{"@type":"SearchAction","target":{"@type":"EntryPoint","urlTemplate":"https:\/\/myrhotels.com\/guia-turismo-valencia\/?s={search_term_string}"},"query-input":"required name=search_term_string"}],"inLanguage":"es"},{"@type":"Organization","@id":"https:\/\/myrhotels.com\/guia-turismo-valencia\/#organization","name":"MYR Hotels","url":"https:\/\/myrhotels.com\/guia-turismo-valencia\/","logo":{"@type":"ImageObject","inLanguage":"es","@id":"https:\/\/myrhotels.com\/guia-turismo-valencia\/#\/schema\/logo\/image\/","url":"https:\/\/myrhotels.com\/guia-turismo-valencia\/wp-content\/uploads\/2022\/07\/Logo_MYR-01.png","contentUrl":"https:\/\/myrhotels.com\/guia-turismo-valencia\/wp-content\/uploads\/2022\/07\/Logo_MYR-01.png","width":972,"height":534,"caption":"MYR Hotels"},"image":{"@id":"https:\/\/myrhotels.com\/guia-turismo-valencia\/#\/schema\/logo\/image\/"}},{"@type":"Person","@id":"https:\/\/myrhotels.com\/guia-turismo-valencia\/#\/schema\/person\/02d5f06989731ab0e7483e89984dad96","name":"admin","image":{"@type":"ImageObject","inLanguage":"es","@id":"https:\/\/myrhotels.com\/guia-turismo-valencia\/#\/schema\/person\/image\/","url":"https:\/\/secure.gravatar.com\/avatar\/14a052f98364eafdadd3e7bdfab3b6d77f8eee9143bf9049553e0ac3dce73dc6?s=96&d=mm&r=g","contentUrl":"https:\/\/secure.gravatar.com\/avatar\/14a052f98364eafdadd3e7bdfab3b6d77f8eee9143bf9049553e0ac3dce73dc6?s=96&d=mm&r=g","caption":"admin"},"sameAs":["https:\/\/myrhotels.com\/guia-turismo-valencia"],"url":"https:\/\/myrhotels.com\/guia-turismo-valencia\/author\/myr\/"}]}},"_links":{"self":[{"href":"https:\/\/myrhotels.com\/guia-turismo-valencia\/wp-json\/wp\/v2\/posts\/1984","targetHints":{"allow":["GET"]}}],"collection":[{"href":"https:\/\/myrhotels.com\/guia-turismo-valencia\/wp-json\/wp\/v2\/posts"}],"about":[{"href":"https:\/\/myrhotels.com\/guia-turismo-valencia\/wp-json\/wp\/v2\/types\/post"}],"author":[{"embeddable":true,"href":"https:\/\/myrhotels.com\/guia-turismo-valencia\/wp-json\/wp\/v2\/users\/1"}],"replies":[{"embeddable":true,"href":"https:\/\/myrhotels.com\/guia-turismo-valencia\/wp-json\/wp\/v2\/comments?post=1984"}],"version-history":[{"count":22,"href":"https:\/\/myrhotels.com\/guia-turismo-valencia\/wp-json\/wp\/v2\/posts\/1984\/revisions"}],"predecessor-version":[{"id":2748,"href":"https:\/\/myrhotels.com\/guia-turismo-valencia\/wp-json\/wp\/v2\/posts\/1984\/revisions\/2748"}],"wp:featuredmedia":[{"embeddable":true,"href":"https:\/\/myrhotels.com\/guia-turismo-valencia\/wp-json\/wp\/v2\/media\/1575"}],"wp:attachment":[{"href":"https:\/\/myrhotels.com\/guia-turismo-valencia\/wp-json\/wp\/v2\/media?parent=1984"}],"wp:term":[{"taxonomy":"category","embeddable":true,"href":"https:\/\/myrhotels.com\/guia-turismo-valencia\/wp-json\/wp\/v2\/categories?post=1984"},{"taxonomy":"post_tag","embeddable":true,"href":"https:\/\/myrhotels.com\/guia-turismo-valencia\/wp-json\/wp\/v2\/tags?post=1984"}],"curies":[{"name":"wp","href":"https:\/\/api.w.org\/{rel}","templated":true}]}}